{"id":10765,"date":"2025-06-21T20:30:19","date_gmt":"2025-06-21T20:30:19","guid":{"rendered":"https:\/\/metahair.com.tr\/?p=10765"},"modified":"2025-06-21T20:31:38","modified_gmt":"2025-06-21T20:31:38","slug":"sac-protezi-kullandigim-belli-olur-mu-dogal-durur-mu","status":"publish","type":"post","link":"https:\/\/metahair.com.tr\/index.php\/2025\/06\/21\/sac-protezi-kullandigim-belli-olur-mu-dogal-durur-mu\/","title":{"rendered":"Sa\u00e7 Protezi Kulland\u0131\u011f\u0131m Belli Olur mu? Do\u011fal Durur mu?"},"content":{"rendered":"\n<p>Bu soruyu ilk kez sa\u00e7 protezi d\u00fc\u015f\u00fcnen hemen herkes sorar:<br><strong>\u201cYa fark edilirse? Ya insanlar anlarlarsa?\u201d<\/strong><\/p>\n\n\n\n<p>Endi\u015felenme. \u00c7\u00fcnk\u00fc <strong>do\u011fru yerde, do\u011fru sistemle<\/strong> yap\u0131lan bir sa\u00e7 protezi uygulamas\u0131; yaln\u0131zca seni yans\u0131tmaz, seni yeniden in\u015fa eder.<br>Ve en g\u00fczeli: <strong>Belli olmaz. \u00c7\u00fcnk\u00fc do\u011fal g\u00f6r\u00fcn\u00fcr.<\/strong><\/p>\n\n\n\n<p>G\u00fcn\u00fcm\u00fczde protez sa\u00e7 sistemleri, sa\u00e7 \u00e7izgisine kadar ger\u00e7ek\u00e7ilik sunar.<\/p>\n\n\n\n<ul class=\"wp-block-list\">\n<li>Taban yap\u0131s\u0131 ultra ince ve hava alabilir,<\/li>\n\n\n\n<li>Sa\u00e7 telleri %100 do\u011fal insan sa\u00e7\u0131d\u0131r,<\/li>\n\n\n\n<li>Uygulama y\u00fcz hatlar\u0131na, ya\u015f\u0131na ve stiline \u00f6zel yap\u0131l\u0131r.<\/li>\n<\/ul>\n\n\n\n<p>Yani bu sistem, sana aitmi\u015f gibi g\u00f6r\u00fcn\u00fcr \u2014 \u00e7\u00fcnk\u00fc ger\u00e7ekten senin i\u00e7in haz\u0131rlan\u0131r.<\/p>\n\n\n\n<h4 class=\"wp-block-heading\">\ud83c\udfaf Kimse Anlamaz\u2026 Ama Herkes Fark Eder!<\/h4>\n\n\n\n<p>\u0130\u015f arkada\u015flar\u0131n, arkada\u015flar\u0131n ya da ailen\u2026<br>Kimse \u201csa\u00e7\u0131n sahte mi?\u201d diye sormaz. Ama \u015funu kesinlikle s\u00f6ylerler:<br><strong>\u201cSende bir de\u011fi\u015fiklik var ama ne bilmiyorum\u2026 \u00c7ok iyi g\u00f6r\u00fcn\u00fcyorsun!\u201d<\/strong><\/p>\n\n\n\n<p>As\u0131l fark burada ba\u015flar. G\u00f6r\u00fcn\u00fcm\u00fcn do\u011fall\u0131\u011f\u0131, seni kendin gibi g\u00f6sterdi\u011fi i\u00e7in dikkat \u00e7eken \u015fey sa\u00e7\u0131n de\u011fil, <strong>\u0131\u015f\u0131\u011f\u0131n<\/strong> olur.<\/p>\n\n\n\n<p>\ud83d\udcac Meta Hair olarak, yaln\u0131zca sa\u00e7 de\u011fil; kendine yeniden bakma cesareti kazand\u0131r\u0131yoruz.<\/p>\n\n\n\n<p>\u00c7\u00fcnk\u00fc do\u011fall\u0131k, g\u00f6r\u00fcnmekten \u00e7ok hissettirmemekle ba\u015flar.<\/p>\n","protected":false},"excerpt":{"rendered":"<p>Bu soruyu ilk kez sa\u00e7 protezi d\u00fc\u015f\u00fcnen hemen herkes sorar:\u201cYa fark edilirse? Ya insanlar anlarlarsa?\u201d Endi\u015felenme. \u00c7\u00fcnk\u00fc do\u011fru yerde, do\u011fru sistemle yap\u0131lan bir sa\u00e7 protezi uygulamas\u0131; yaln\u0131zca seni yans\u0131tmaz, seni yeniden in\u015fa eder.Ve en g\u00fczeli: Belli olmaz. \u00c7\u00fcnk\u00fc do\u011fal g\u00f6r\u00fcn\u00fcr. G\u00fcn\u00fcm\u00fczde protez sa\u00e7 sistemleri, sa\u00e7 \u00e7izgisine kadar ger\u00e7ek\u00e7ilik sunar. Yani bu sistem, sana aitmi\u015f gibi [&hellip;]<\/p>\n","protected":false},"author":1,"featured_media":10768,"comment_status":"open","ping_status":"open","sticky":false,"template":"","format":"standard","meta":{"footnotes":""},"categories":[54],"tags":[396,94,392,131,395,393,394],"class_list":["post-10765","post","type-post","status-publish","format-standard","has-post-thumbnail","hentry","category-estetik-ve-gorunum","tag-dogal-sac-cizgisi","tag-dogal-sac-protezi","tag-gercekci-gorunum","tag-meta-hair","tag-ozguvenli-degisim","tag-protez-sac-estetigi","tag-sac-protezi-fark-edilir-mi"],"_links":{"self":[{"href":"https:\/\/metahair.com.tr\/index.php\/wp-json\/wp\/v2\/posts\/10765","targetHints":{"allow":["GET"]}}],"collection":[{"href":"https:\/\/metahair.com.tr\/index.php\/wp-json\/wp\/v2\/posts"}],"about":[{"href":"https:\/\/metahair.com.tr\/index.php\/wp-json\/wp\/v2\/types\/post"}],"author":[{"embeddable":true,"href":"https:\/\/metahair.com.tr\/index.php\/wp-json\/wp\/v2\/users\/1"}],"replies":[{"embeddable":true,"href":"https:\/\/metahair.com.tr\/index.php\/wp-json\/wp\/v2\/comments?post=10765"}],"version-history":[{"count":1,"href":"https:\/\/metahair.com.tr\/index.php\/wp-json\/wp\/v2\/posts\/10765\/revisions"}],"predecessor-version":[{"id":10767,"href":"https:\/\/metahair.com.tr\/index.php\/wp-json\/wp\/v2\/posts\/10765\/revisions\/10767"}],"wp:featuredmedia":[{"embeddable":true,"href":"https:\/\/metahair.com.tr\/index.php\/wp-json\/wp\/v2\/media\/10768"}],"wp:attachment":[{"href":"https:\/\/metahair.com.tr\/index.php\/wp-json\/wp\/v2\/media?parent=10765"}],"wp:term":[{"taxonomy":"category","embeddable":true,"href":"https:\/\/metahair.com.tr\/index.php\/wp-json\/wp\/v2\/categories?post=10765"},{"taxonomy":"post_tag","embeddable":true,"href":"https:\/\/metahair.com.tr\/index.php\/wp-json\/wp\/v2\/tags?post=10765"}],"curies":[{"name":"wp","href":"https:\/\/api.w.org\/{rel}","templated":true}]}}