{"id":10760,"date":"2025-06-21T20:22:55","date_gmt":"2025-06-21T20:22:55","guid":{"rendered":"https:\/\/metahair.com.tr\/?p=10760"},"modified":"2025-06-21T20:24:23","modified_gmt":"2025-06-21T20:24:23","slug":"protez-sac-kafaya-nasil-sabitlenir-acitir-mi","status":"publish","type":"post","link":"https:\/\/metahair.com.tr\/index.php\/2025\/06\/21\/protez-sac-kafaya-nasil-sabitlenir-acitir-mi\/","title":{"rendered":"Protez Sa\u00e7 Kafaya Nas\u0131l Sabitlenir? Ac\u0131t\u0131r m\u0131?"},"content":{"rendered":"\n<p>Protez sa\u00e7 yapt\u0131rmay\u0131 d\u00fc\u015f\u00fcnenlerin en \u00e7ok merak etti\u011fi konulardan biri:<br><strong>\u201cKafama nas\u0131l sabitleniyor? Ac\u0131 verir mi?\u201d<\/strong><\/p>\n\n\n\n<p>Cevap net: <strong>Hay\u0131r, protez sa\u00e7 uygulamas\u0131 ac\u0131 vermez.<\/strong><br>Aksine, konforlu, h\u0131zl\u0131 ve a\u011fr\u0131s\u0131z bir uygulamayla yepyeni bir g\u00f6r\u00fcn\u00fcme kavu\u015fursunuz.<\/p>\n\n\n\n<h4 class=\"wp-block-heading\">\ud83d\udd12 Nas\u0131l Sabitleniyor?<\/h4>\n\n\n\n<p>Sa\u00e7 protezi, \u00f6zel bir medikal yap\u0131\u015ft\u0131r\u0131c\u0131 veya \u00e7ift tarafl\u0131 medikal bant ile sa\u00e7s\u0131z b\u00f6lgeye sabitlenir. Bu maddeler:<\/p>\n\n\n\n<ul class=\"wp-block-list\">\n<li>Cilt dostudur,<\/li>\n\n\n\n<li>Hava ald\u0131r\u0131r,<\/li>\n\n\n\n<li>Terlemeyi engellemez,<\/li>\n\n\n\n<li>G\u00fcnl\u00fck hayatta sizi rahats\u0131z etmez.<\/li>\n<\/ul>\n\n\n\n<p>Uygulama s\u0131ras\u0131nda cerrahi hi\u00e7bir i\u015flem yap\u0131lmaz, i\u011fne, diki\u015f veya a\u011fr\u0131 hissi ya\u015fanmaz. Ortalama 1\u20132 saat s\u00fcren bu i\u015flem sonras\u0131nda aynaya bakt\u0131\u011f\u0131n\u0131zda kendinizi bamba\u015fka biri gibi hissedersiniz.<\/p>\n\n\n\n<h4 class=\"wp-block-heading\">\u2728 Konfor + \u00d6zg\u00fcven = Ger\u00e7ek De\u011fi\u015fim<\/h4>\n\n\n\n<p>Bir\u00e7ok ki\u015fi, uygulaman\u0131n hemen ard\u0131ndan \u201cke\u015fke daha \u00f6nce yapt\u0131rsayd\u0131m\u201d diyor. \u00c7\u00fcnk\u00fc s\u00fcre\u00e7 d\u00fc\u015f\u00fcnd\u00fc\u011f\u00fcn\u00fczden \u00e7ok daha rahat ve k\u0131sa.<br>Ayr\u0131ca, iyi sabitlenmi\u015f bir sa\u00e7 protezi, g\u00fcnl\u00fck ya\u015famda spor yaparken, du\u015f al\u0131rken hatta r\u00fczgarda bile yerinden oynamaz.<\/p>\n\n\n\n<p>\ud83d\udcac <strong>Meta Hair olarak<\/strong>, size sadece sa\u00e7 de\u011fil; kendinizle bar\u0131\u015faca\u011f\u0131n\u0131z, \u00f6zg\u00fcvenle g\u00fcl\u00fcmseyece\u011finiz bir ya\u015fam tarz\u0131 sunuyoruz.<br>Art\u0131k sa\u00e7s\u0131z kalmaya mecbur de\u011filsiniz. Yeni bir sen, yaln\u0131zca birka\u00e7 ad\u0131m \u00f6tede.<\/p>\n","protected":false},"excerpt":{"rendered":"<p>Protez sa\u00e7 yapt\u0131rmay\u0131 d\u00fc\u015f\u00fcnenlerin en \u00e7ok merak etti\u011fi konulardan biri:\u201cKafama nas\u0131l sabitleniyor? Ac\u0131 verir mi?\u201d Cevap net: Hay\u0131r, protez sa\u00e7 uygulamas\u0131 ac\u0131 vermez.Aksine, konforlu, h\u0131zl\u0131 ve a\u011fr\u0131s\u0131z bir uygulamayla yepyeni bir g\u00f6r\u00fcn\u00fcme kavu\u015fursunuz. \ud83d\udd12 Nas\u0131l Sabitleniyor? Sa\u00e7 protezi, \u00f6zel bir medikal yap\u0131\u015ft\u0131r\u0131c\u0131 veya \u00e7ift tarafl\u0131 medikal bant ile sa\u00e7s\u0131z b\u00f6lgeye sabitlenir. Bu maddeler: Uygulama s\u0131ras\u0131nda [&hellip;]<\/p>\n","protected":false},"author":1,"featured_media":10763,"comment_status":"open","ping_status":"open","sticky":false,"template":"","format":"standard","meta":{"footnotes":""},"categories":[1],"tags":[389,390,131,391,388,387,104],"class_list":["post-10760","post","type-post","status-publish","format-standard","has-post-thumbnail","hentry","category-protez-sac-rehberi","tag-agrisiz-sac-cozumu","tag-konforlu-sac-degisimi","tag-meta-hair","tag-ozguven-kazandiran-cozumler","tag-protez-sac-nasil-sabitlenir","tag-protez-sac-uygulama","tag-sac-protezi-acitir-mi"],"_links":{"self":[{"href":"https:\/\/metahair.com.tr\/index.php\/wp-json\/wp\/v2\/posts\/10760","targetHints":{"allow":["GET"]}}],"collection":[{"href":"https:\/\/metahair.com.tr\/index.php\/wp-json\/wp\/v2\/posts"}],"about":[{"href":"https:\/\/metahair.com.tr\/index.php\/wp-json\/wp\/v2\/types\/post"}],"author":[{"embeddable":true,"href":"https:\/\/metahair.com.tr\/index.php\/wp-json\/wp\/v2\/users\/1"}],"replies":[{"embeddable":true,"href":"https:\/\/metahair.com.tr\/index.php\/wp-json\/wp\/v2\/comments?post=10760"}],"version-history":[{"count":1,"href":"https:\/\/metahair.com.tr\/index.php\/wp-json\/wp\/v2\/posts\/10760\/revisions"}],"predecessor-version":[{"id":10762,"href":"https:\/\/metahair.com.tr\/index.php\/wp-json\/wp\/v2\/posts\/10760\/revisions\/10762"}],"wp:featuredmedia":[{"embeddable":true,"href":"https:\/\/metahair.com.tr\/index.php\/wp-json\/wp\/v2\/media\/10763"}],"wp:attachment":[{"href":"https:\/\/metahair.com.tr\/index.php\/wp-json\/wp\/v2\/media?parent=10760"}],"wp:term":[{"taxonomy":"category","embeddable":true,"href":"https:\/\/metahair.com.tr\/index.php\/wp-json\/wp\/v2\/categories?post=10760"},{"taxonomy":"post_tag","embeddable":true,"href":"https:\/\/metahair.com.tr\/index.php\/wp-json\/wp\/v2\/tags?post=10760"}],"curies":[{"name":"wp","href":"https:\/\/api.w.org\/{rel}","templated":true}]}}