{"id":10755,"date":"2025-06-20T20:08:09","date_gmt":"2025-06-20T20:08:09","guid":{"rendered":"https:\/\/metahair.com.tr\/?p=10755"},"modified":"2025-06-20T20:10:18","modified_gmt":"2025-06-20T20:10:18","slug":"sac-protezi-kac-ayda-bir-yenilenmeli-ya-da-degistirilmeli","status":"publish","type":"post","link":"https:\/\/metahair.com.tr\/index.php\/2025\/06\/20\/sac-protezi-kac-ayda-bir-yenilenmeli-ya-da-degistirilmeli\/","title":{"rendered":"Sa\u00e7 Protezi Ka\u00e7 Ayda Bir Yenilenmeli ya da De\u011fi\u015ftirilmeli?"},"content":{"rendered":"\n<p>Sa\u00e7 protezi, sadece bir kozmetik uygulama de\u011fil; ayn\u0131 zamanda g\u00fcnl\u00fck ya\u015fam\u0131n\u0131za konfor, estetik ve \u00f6zg\u00fcven kazand\u0131ran ki\u015fisel bir \u00e7\u00f6z\u00fcmd\u00fcr. Ancak her g\u00fczel \u015fey gibi, onun da \u00f6mr\u00fc vard\u0131r.<br>Peki, sa\u00e7 protezi ne zaman yenilenmeli? Hangi durumda de\u011fi\u015fim zaman\u0131 gelmi\u015f demektir?<\/p>\n\n\n\n<h4 class=\"wp-block-heading\">\u23f3 Ortalama \u00d6m\u00fcr: 6 \u2013 12 Ay<\/h4>\n\n\n\n<p>Ki\u015fiye \u00f6zel haz\u0131rlanan kaliteli bir sa\u00e7 protezi, do\u011fru bak\u0131m yap\u0131ld\u0131\u011f\u0131nda <strong>6 ile 12 ay<\/strong> aras\u0131nda sa\u011fl\u0131kl\u0131 \u015fekilde kullan\u0131labilir.<br>Bu s\u00fcre, sa\u00e7\u0131n yo\u011funlu\u011funa, kullan\u0131m \u015fekline, kullan\u0131lan \u00fcr\u00fcnlere ve taban kalitesine g\u00f6re de\u011fi\u015fiklik g\u00f6sterir.<\/p>\n\n\n\n<h4 class=\"wp-block-heading\">\ud83e\uddf4 D\u00fczenli Bak\u0131m S\u00fcreyi Uzat\u0131r<\/h4>\n\n\n\n<p>Uygun bak\u0131m \u00fcr\u00fcnleri kullanmak, haftal\u0131k temizlikleri aksatmamak ve sa\u00e7 protezini profesyonel ellerde zaman zaman kontrol ettirmek, protezin \u00f6mr\u00fcn\u00fc uzat\u0131r.<br>\u00d6zellikle <strong>Meta Hair bak\u0131m \u00f6nerileri<\/strong> ile sa\u00e7 proteziniz ilk g\u00fcnk\u00fc do\u011fall\u0131\u011f\u0131n\u0131 \u00e7ok daha uzun s\u00fcre korur.<\/p>\n\n\n\n<h4 class=\"wp-block-heading\">\u26a0\ufe0f De\u011fi\u015fim Sinyalleri Nelerdir?<\/h4>\n\n\n\n<ul class=\"wp-block-list\">\n<li>Taban yap\u0131s\u0131nda incelme, deformasyon<\/li>\n\n\n\n<li>Sa\u00e7 tellerinde yo\u011fun d\u00f6k\u00fclme<\/li>\n\n\n\n<li>Do\u011fall\u0131k hissinin azalmas\u0131<\/li>\n\n\n\n<li>Sa\u00e7\u0131n \u015fekil alma s\u00fcresinin uzamas\u0131<\/li>\n<\/ul>\n\n\n\n<p>Bu belirtiler, sa\u00e7 protezinizin art\u0131k g\u00f6revini tamamlad\u0131\u011f\u0131n\u0131 ve yeni bir sistemle yenilenmesi gerekti\u011fini g\u00f6sterir.<\/p>\n\n\n\n<h4 class=\"wp-block-heading\">\ud83d\udd04 De\u011fi\u015fim, Yeni Bir Ba\u015flang\u0131\u00e7t\u0131r<\/h4>\n\n\n\n<p>Protezinizin de\u011fi\u015fim zaman\u0131 geldi\u011finde bunu bir son de\u011fil, <strong>yeni bir siz i\u00e7in yeni bir ad\u0131m<\/strong> olarak d\u00fc\u015f\u00fcnebilirsiniz.<br>\u00c7\u00fcnk\u00fc sa\u00e7 de\u011fi\u015fince sadece g\u00f6r\u00fcnt\u00fc de\u011fil, <strong>bak\u0131\u015f a\u00e7\u0131s\u0131 da de\u011fi\u015fir.<\/strong><\/p>\n\n\n\n<p>\ud83d\udcac <strong>Meta Hair olarak<\/strong>, sadece sa\u00e7 de\u011fil, sizi yeniden g\u00fc\u00e7l\u00fc hissettirecek yepyeni bir deneyim sunuyoruz.<br>Zaman\u0131 geldi\u011finde, sizin i\u00e7in en uygun ve do\u011fal yeni sistemi birlikte belirleyelim.<\/p>\n","protected":false},"excerpt":{"rendered":"<p>Sa\u00e7 protezi, sadece bir kozmetik uygulama de\u011fil; ayn\u0131 zamanda g\u00fcnl\u00fck ya\u015fam\u0131n\u0131za konfor, estetik ve \u00f6zg\u00fcven kazand\u0131ran ki\u015fisel bir \u00e7\u00f6z\u00fcmd\u00fcr. Ancak her g\u00fczel \u015fey gibi, onun da \u00f6mr\u00fc vard\u0131r.Peki, sa\u00e7 protezi ne zaman yenilenmeli? Hangi durumda de\u011fi\u015fim zaman\u0131 gelmi\u015f demektir? \u23f3 Ortalama \u00d6m\u00fcr: 6 \u2013 12 Ay Ki\u015fiye \u00f6zel haz\u0131rlanan kaliteli bir sa\u00e7 protezi, do\u011fru bak\u0131m [&hellip;]<\/p>\n","protected":false},"author":1,"featured_media":10759,"comment_status":"open","ping_status":"open","sticky":false,"template":"","format":"standard","meta":{"footnotes":""},"categories":[55],"tags":[75,131,80,260,386,384,385],"class_list":["post-10755","post","type-post","status-publish","format-standard","has-post-thumbnail","hentry","category-meta-hairden-haberler","tag-dogal-gorunum","tag-meta-hair","tag-protez-sac-bakimi","tag-sac-dokulmesine-cozum","tag-sac-protezi-degisimi","tag-sac-protezi-omru","tag-sac-protezi-yenileme-suresi"],"_links":{"self":[{"href":"https:\/\/metahair.com.tr\/index.php\/wp-json\/wp\/v2\/posts\/10755","targetHints":{"allow":["GET"]}}],"collection":[{"href":"https:\/\/metahair.com.tr\/index.php\/wp-json\/wp\/v2\/posts"}],"about":[{"href":"https:\/\/metahair.com.tr\/index.php\/wp-json\/wp\/v2\/types\/post"}],"author":[{"embeddable":true,"href":"https:\/\/metahair.com.tr\/index.php\/wp-json\/wp\/v2\/users\/1"}],"replies":[{"embeddable":true,"href":"https:\/\/metahair.com.tr\/index.php\/wp-json\/wp\/v2\/comments?post=10755"}],"version-history":[{"count":1,"href":"https:\/\/metahair.com.tr\/index.php\/wp-json\/wp\/v2\/posts\/10755\/revisions"}],"predecessor-version":[{"id":10758,"href":"https:\/\/metahair.com.tr\/index.php\/wp-json\/wp\/v2\/posts\/10755\/revisions\/10758"}],"wp:featuredmedia":[{"embeddable":true,"href":"https:\/\/metahair.com.tr\/index.php\/wp-json\/wp\/v2\/media\/10759"}],"wp:attachment":[{"href":"https:\/\/metahair.com.tr\/index.php\/wp-json\/wp\/v2\/media?parent=10755"}],"wp:term":[{"taxonomy":"category","embeddable":true,"href":"https:\/\/metahair.com.tr\/index.php\/wp-json\/wp\/v2\/categories?post=10755"},{"taxonomy":"post_tag","embeddable":true,"href":"https:\/\/metahair.com.tr\/index.php\/wp-json\/wp\/v2\/tags?post=10755"}],"curies":[{"name":"wp","href":"https:\/\/api.w.org\/{rel}","templated":true}]}}