{"id":10750,"date":"2025-06-20T20:00:45","date_gmt":"2025-06-20T20:00:45","guid":{"rendered":"https:\/\/metahair.com.tr\/?p=10750"},"modified":"2025-06-20T20:03:16","modified_gmt":"2025-06-20T20:03:16","slug":"sac-protezi-ile-sac-sekillendirme-mumkun-mu-fon-masa-jole","status":"publish","type":"post","link":"https:\/\/metahair.com.tr\/index.php\/2025\/06\/20\/sac-protezi-ile-sac-sekillendirme-mumkun-mu-fon-masa-jole\/","title":{"rendered":"Sa\u00e7 Protezi ile Sa\u00e7 \u015eekillendirme M\u00fcmk\u00fcn m\u00fc? F\u00f6n, Ma\u015fa, J\u00f6le?"},"content":{"rendered":"\n<p>Sa\u00e7 protezi kullanan bir\u00e7ok ki\u015finin kafas\u0131nda ayn\u0131 soru var:<br><strong>\u201c\u0130stedi\u011fim gibi \u015fekillendirebilir miyim?\u201d<\/strong><\/p>\n\n\n\n<p>Ve g\u00fczel haber \u015fu: <strong>Evet, sa\u00e7 proteziyle \u015fekillendirme m\u00fcmk\u00fcnd\u00fcr!<\/strong><\/p>\n\n\n\n<p>\u00d6zellikle %100 do\u011fal insan sa\u00e7\u0131ndan \u00fcretilen protezler, t\u0131pk\u0131 kendi sa\u00e7\u0131n\u0131z gibi f\u00f6n \u00e7ekilebilir, ma\u015fa yap\u0131labilir, j\u00f6le, wax veya sa\u00e7 spreyi ile \u015fekil verilebilir. Bu da size yaln\u0131zca do\u011fal bir g\u00f6r\u00fcn\u00fcm de\u011fil, <strong>\u00f6zg\u00fcrce stil yaratma imk\u00e2n\u0131<\/strong> da sunar.<\/p>\n\n\n\n<h4 class=\"wp-block-heading\">\ud83d\udd39 F\u00f6n ve Ma\u015fa Kullan\u0131m\u0131<\/h4>\n\n\n\n<p>Sa\u00e7 proteziniz do\u011fal sa\u00e7 telleri i\u00e7eriyorsa d\u00fc\u015f\u00fck \u0131s\u0131da f\u00f6n ve ma\u015fa i\u015flemleri yap\u0131labilir.<br>Y\u00fcksek \u0131s\u0131dan ka\u00e7\u0131nmak \u00f6nemlidir, \u00e7\u00fcnk\u00fc protezin alt taban\u0131 hassas olabilir. Uzman kontrol\u00fcnde yap\u0131lan \u015fekillendirmeler sa\u00e7 protezinin \u00f6mr\u00fcn\u00fc uzat\u0131r.<\/p>\n\n\n\n<h4 class=\"wp-block-heading\">\ud83d\udd39 J\u00f6le, Wax ve Sprey<\/h4>\n\n\n\n<p>Diledi\u011finiz gibi sa\u00e7\u0131n\u0131za \u015fekil verebilir, g\u00fcn boyu formda kalmas\u0131n\u0131 sa\u011flayabilirsiniz.<br>Ancak yo\u011fun kimyasal i\u00e7erikli \u00fcr\u00fcnleri s\u0131k kullanmak, sa\u00e7 tellerinin matla\u015fmas\u0131na neden olabilir. Bu nedenle bak\u0131m \u00fcr\u00fcnleriyle dengelemek \u00f6nemlidir.<\/p>\n\n\n\n<h4 class=\"wp-block-heading\">\ud83d\udd39 Tarz\u0131n\u0131 Sen Belirle<\/h4>\n\n\n\n<p>\u0130ster d\u00fcz, ister dalgal\u0131, ister klasik\u2026 Sa\u00e7 protezi ile sa\u00e7 stiliniz art\u0131k sizin kontrol\u00fcn\u00fczde.<br>Kendinizi ifade etmenin en do\u011fal yolu, art\u0131k bir t\u0131k daha kolay!<\/p>\n\n\n\n<p>\ud83d\udcac <strong>Meta Hair olarak<\/strong>, sa\u00e7 protezinde yaln\u0131zca g\u00f6r\u00fcn\u00fcm de\u011fil, tarz ve \u00f6zg\u00fcrl\u00fck de sunuyoruz. \u00c7\u00fcnk\u00fc sa\u00e7lar\u0131n\u0131z size \u00f6zel oldu\u011fu kadar, \u015fekli de sizin olmal\u0131.<\/p>\n","protected":false},"excerpt":{"rendered":"<p>Sa\u00e7 protezi kullanan bir\u00e7ok ki\u015finin kafas\u0131nda ayn\u0131 soru var:\u201c\u0130stedi\u011fim gibi \u015fekillendirebilir miyim?\u201d Ve g\u00fczel haber \u015fu: Evet, sa\u00e7 proteziyle \u015fekillendirme m\u00fcmk\u00fcnd\u00fcr! \u00d6zellikle %100 do\u011fal insan sa\u00e7\u0131ndan \u00fcretilen protezler, t\u0131pk\u0131 kendi sa\u00e7\u0131n\u0131z gibi f\u00f6n \u00e7ekilebilir, ma\u015fa yap\u0131labilir, j\u00f6le, wax veya sa\u00e7 spreyi ile \u015fekil verilebilir. Bu da size yaln\u0131zca do\u011fal bir g\u00f6r\u00fcn\u00fcm de\u011fil, \u00f6zg\u00fcrce stil yaratma [&hellip;]<\/p>\n","protected":false},"author":1,"featured_media":10754,"comment_status":"open","ping_status":"open","sticky":false,"template":"","format":"standard","meta":{"footnotes":""},"categories":[1],"tags":[58,381,382,383,131,111,142],"class_list":["post-10750","post","type-post","status-publish","format-standard","has-post-thumbnail","hentry","category-protez-sac-rehberi","tag-dogal-sac-gorunumu","tag-fon-masa-yapilir-mi","tag-jole-kullanimi","tag-kisiye-ozel-stil","tag-meta-hair","tag-sac-protezi-bakimi","tag-sac-protezi-sekillendirme"],"_links":{"self":[{"href":"https:\/\/metahair.com.tr\/index.php\/wp-json\/wp\/v2\/posts\/10750","targetHints":{"allow":["GET"]}}],"collection":[{"href":"https:\/\/metahair.com.tr\/index.php\/wp-json\/wp\/v2\/posts"}],"about":[{"href":"https:\/\/metahair.com.tr\/index.php\/wp-json\/wp\/v2\/types\/post"}],"author":[{"embeddable":true,"href":"https:\/\/metahair.com.tr\/index.php\/wp-json\/wp\/v2\/users\/1"}],"replies":[{"embeddable":true,"href":"https:\/\/metahair.com.tr\/index.php\/wp-json\/wp\/v2\/comments?post=10750"}],"version-history":[{"count":1,"href":"https:\/\/metahair.com.tr\/index.php\/wp-json\/wp\/v2\/posts\/10750\/revisions"}],"predecessor-version":[{"id":10752,"href":"https:\/\/metahair.com.tr\/index.php\/wp-json\/wp\/v2\/posts\/10750\/revisions\/10752"}],"wp:featuredmedia":[{"embeddable":true,"href":"https:\/\/metahair.com.tr\/index.php\/wp-json\/wp\/v2\/media\/10754"}],"wp:attachment":[{"href":"https:\/\/metahair.com.tr\/index.php\/wp-json\/wp\/v2\/media?parent=10750"}],"wp:term":[{"taxonomy":"category","embeddable":true,"href":"https:\/\/metahair.com.tr\/index.php\/wp-json\/wp\/v2\/categories?post=10750"},{"taxonomy":"post_tag","embeddable":true,"href":"https:\/\/metahair.com.tr\/index.php\/wp-json\/wp\/v2\/tags?post=10750"}],"curies":[{"name":"wp","href":"https:\/\/api.w.org\/{rel}","templated":true}]}}