{"id":10747,"date":"2025-06-20T19:56:32","date_gmt":"2025-06-20T19:56:32","guid":{"rendered":"https:\/\/metahair.com.tr\/?p=10747"},"modified":"2025-06-20T19:56:34","modified_gmt":"2025-06-20T19:56:34","slug":"sac-protezi-dogal-sac-gibi-uzar-mi-sac-kesimi-nasil-yapilir","status":"publish","type":"post","link":"https:\/\/metahair.com.tr\/index.php\/2025\/06\/20\/sac-protezi-dogal-sac-gibi-uzar-mi-sac-kesimi-nasil-yapilir\/","title":{"rendered":"Sa\u00e7 Protezi Do\u011fal Sa\u00e7 Gibi Uzar m\u0131? Sa\u00e7 Kesimi Nas\u0131l Yap\u0131l\u0131r?"},"content":{"rendered":"\n<p>Sa\u00e7 protezi yapt\u0131rmay\u0131 d\u00fc\u015f\u00fcnenlerin en merak etti\u011fi konulardan biri de budur:<br><strong>\u201cDo\u011fal sa\u00e7 gibi uzar m\u0131?\u201d<\/strong><\/p>\n\n\n\n<p>Cevap net:<br>Hay\u0131r, sa\u00e7 protezindeki sa\u00e7 telleri do\u011fal insan sa\u00e7\u0131 olsa da, canl\u0131 h\u00fccre i\u00e7ermedi\u011fi i\u00e7in <strong>uzamaz.<\/strong> Ancak bu bir dezavantaj de\u011fil, aksine <strong>her zaman bak\u0131ml\u0131 ve sabit formda kalan<\/strong> bir sa\u00e7 yap\u0131s\u0131na sahip olman\u0131z\u0131 sa\u011flar.<\/p>\n\n\n\n<p>Yani her sabah uyan\u0131p \u201cacaba sa\u00e7\u0131m nas\u0131l duruyor?\u201d kayg\u0131s\u0131 ya\u015famazs\u0131n\u0131z. \u00c7\u00fcnk\u00fc sa\u00e7 protezi her g\u00fcn ayn\u0131 \u015fekliyle sizi kar\u015f\u0131lar. Ama bu sabitlik demek, hi\u00e7bir de\u011fi\u015fiklik yap\u0131lamaz anlam\u0131na da gelmez.<\/p>\n\n\n\n<h4 class=\"wp-block-heading\">\ud83d\udc87\u200d\u2642\ufe0f Peki, Sa\u00e7 Kesimi Nas\u0131l Yap\u0131l\u0131r?<\/h4>\n\n\n\n<p>Sa\u00e7 protezi, t\u0131pk\u0131 do\u011fal sa\u00e7 gibi <strong>istenilen modelde kesilebilir ve \u015fekillendirilebilir.<\/strong> Bu i\u015flem, protezin ilk uyguland\u0131\u011f\u0131 anda ki\u015fiye \u00f6zel olarak yap\u0131l\u0131r. Ayr\u0131ca belirli aral\u0131klarla kuaf\u00f6r\u00fcn\u00fczde form kazand\u0131r\u0131c\u0131 kesimler yap\u0131labilir.<\/p>\n\n\n\n<p>Uzman ellerde yap\u0131lan her kesim, sa\u00e7 protezinin daha do\u011fal g\u00f6r\u00fcnmesini sa\u011flar.<br>Y\u00fcz tipinize, tarz\u0131n\u0131za ve hatta sakal ya da ka\u015f yap\u0131n\u0131za uyumlu bir kesimle protez sa\u00e7\u0131n\u0131z, sizin bir par\u00e7an\u0131z gibi durur.<\/p>\n\n\n\n<p>Ve en g\u00fczeli?<br><strong>Modaya veya ruh halinize g\u00f6re sa\u00e7 stilinizi de\u011fi\u015ftirmek \u00e7ok daha kolay.<\/strong><br>K\u0131sa, katl\u0131, modern ya da klasik\u2026 Karar tamamen sizde!<\/p>\n\n\n\n<p>\ud83d\udcac <strong>Meta Hair olarak<\/strong>, sadece bir sa\u00e7 protezi de\u011fil, size \u00f6zel bir stil sunuyoruz.<br>\u00c7\u00fcnk\u00fc sa\u00e7, sadece g\u00f6r\u00fcn\u00fcm de\u011fil; kendini ifade etme bi\u00e7imidir.<\/p>\n","protected":false},"excerpt":{"rendered":"<p>Sa\u00e7 protezi yapt\u0131rmay\u0131 d\u00fc\u015f\u00fcnenlerin en merak etti\u011fi konulardan biri de budur:\u201cDo\u011fal sa\u00e7 gibi uzar m\u0131?\u201d Cevap net:Hay\u0131r, sa\u00e7 protezindeki sa\u00e7 telleri do\u011fal insan sa\u00e7\u0131 olsa da, canl\u0131 h\u00fccre i\u00e7ermedi\u011fi i\u00e7in uzamaz. Ancak bu bir dezavantaj de\u011fil, aksine her zaman bak\u0131ml\u0131 ve sabit formda kalan bir sa\u00e7 yap\u0131s\u0131na sahip olman\u0131z\u0131 sa\u011flar. Yani her sabah uyan\u0131p \u201cacaba [&hellip;]<\/p>\n","protected":false},"author":1,"featured_media":10748,"comment_status":"open","ping_status":"open","sticky":false,"template":"","format":"standard","meta":{"footnotes":""},"categories":[1],"tags":[75,65,131,379,56,378,380],"class_list":["post-10747","post","type-post","status-publish","format-standard","has-post-thumbnail","hentry","category-protez-sac-rehberi","tag-dogal-gorunum","tag-kisiye-ozel-sac","tag-meta-hair","tag-protez-sac-uzar-mi","tag-sac-protezi","tag-sac-protezi-kesimi","tag-sac-sekillendirme"],"_links":{"self":[{"href":"https:\/\/metahair.com.tr\/index.php\/wp-json\/wp\/v2\/posts\/10747","targetHints":{"allow":["GET"]}}],"collection":[{"href":"https:\/\/metahair.com.tr\/index.php\/wp-json\/wp\/v2\/posts"}],"about":[{"href":"https:\/\/metahair.com.tr\/index.php\/wp-json\/wp\/v2\/types\/post"}],"author":[{"embeddable":true,"href":"https:\/\/metahair.com.tr\/index.php\/wp-json\/wp\/v2\/users\/1"}],"replies":[{"embeddable":true,"href":"https:\/\/metahair.com.tr\/index.php\/wp-json\/wp\/v2\/comments?post=10747"}],"version-history":[{"count":1,"href":"https:\/\/metahair.com.tr\/index.php\/wp-json\/wp\/v2\/posts\/10747\/revisions"}],"predecessor-version":[{"id":10749,"href":"https:\/\/metahair.com.tr\/index.php\/wp-json\/wp\/v2\/posts\/10747\/revisions\/10749"}],"wp:featuredmedia":[{"embeddable":true,"href":"https:\/\/metahair.com.tr\/index.php\/wp-json\/wp\/v2\/media\/10748"}],"wp:attachment":[{"href":"https:\/\/metahair.com.tr\/index.php\/wp-json\/wp\/v2\/media?parent=10747"}],"wp:term":[{"taxonomy":"category","embeddable":true,"href":"https:\/\/metahair.com.tr\/index.php\/wp-json\/wp\/v2\/categories?post=10747"},{"taxonomy":"post_tag","embeddable":true,"href":"https:\/\/metahair.com.tr\/index.php\/wp-json\/wp\/v2\/tags?post=10747"}],"curies":[{"name":"wp","href":"https:\/\/api.w.org\/{rel}","templated":true}]}}