{"id":10740,"date":"2025-06-19T20:55:29","date_gmt":"2025-06-19T20:55:29","guid":{"rendered":"https:\/\/metahair.com.tr\/?p=10740"},"modified":"2025-06-19T20:58:27","modified_gmt":"2025-06-19T20:58:27","slug":"sac-protezi-ne-kadar-surede-hazirlanir-ve-uygulanir","status":"publish","type":"post","link":"https:\/\/metahair.com.tr\/index.php\/2025\/06\/19\/sac-protezi-ne-kadar-surede-hazirlanir-ve-uygulanir\/","title":{"rendered":"Sa\u00e7 Protezi Ne Kadar S\u00fcrede Haz\u0131rlan\u0131r ve Uygulan\u0131r?"},"content":{"rendered":"\n<p>Yeni bir g\u00f6r\u00fcn\u00fcm, bazen sadece birka\u00e7 g\u00fcn uzakl\u0131ktad\u0131r. Sa\u00e7 d\u00f6k\u00fclmesi ya\u015fayan bir\u00e7ok ki\u015fi, sa\u00e7 proteziyle de\u011fi\u015fime ad\u0131m atmak ister ama s\u00fcrecin ne kadar s\u00fcrece\u011fini merak eder. \u0130yi haber \u015fu: <strong>Sa\u00e7 protezi, h\u0131zl\u0131 ve zahmetsiz bir \u00e7\u00f6z\u00fcmd\u00fcr.<\/strong><\/p>\n\n\n\n<p>Sa\u00e7 protezi s\u00fcreci genel olarak <strong>2 a\u015famadan olu\u015fur: haz\u0131rl\u0131k ve uygulama.<\/strong><\/p>\n\n\n\n<h4 class=\"wp-block-heading\">\u2705 <strong>1. Haz\u0131rl\u0131k S\u00fcreci (1 ila 3 hafta)<\/strong><\/h4>\n\n\n\n<p>Ki\u015fiye \u00f6zel sa\u00e7 protezi haz\u0131rlanacaksa; sa\u00e7 rengi, dalga yap\u0131s\u0131, yo\u011funlu\u011fu ve ba\u015f \u00f6l\u00e7\u00fclerine g\u00f6re \u00f6zel \u00fcretim yap\u0131l\u0131r. Bu s\u00fcre\u00e7 1 ila 3 hafta s\u00fcrebilir.<br>Haz\u0131r sistemler kullan\u0131ld\u0131\u011f\u0131nda ise bu s\u00fcre \u00e7ok daha k\u0131sa olabilir.<\/p>\n\n\n\n<h4 class=\"wp-block-heading\">\u2705 <strong>2. Uygulama S\u00fcreci (1 \u2013 2 saat)<\/strong><\/h4>\n\n\n\n<p>Protez sa\u00e7\u0131n\u0131z haz\u0131r olduktan sonra, profesyonel uzmanlar taraf\u0131ndan uygulan\u0131r. Sa\u00e7 \u00e7izgisine tam oturtulur, sabitlenir ve ard\u0131ndan size \u00f6zel kesim, \u015fekillendirme ve stil verilir.<br>Toplamda 1 ila 2 saat i\u00e7inde aynaya bamba\u015fka bir siz olarak bakabilirsiniz.<\/p>\n\n\n\n<p>Bu s\u00fcre\u00e7te en g\u00fczel detay ise \u015fudur: <strong>A\u011fr\u0131s\u0131z, cerrahisiz ve tamamen do\u011fal bir sonu\u00e7.<\/strong><br>Zaman kaybetmeden, yaln\u0131zca g\u00f6r\u00fcn\u00fcm\u00fcn\u00fcz\u00fc de\u011fil, ruhunuzu da tazelemek m\u00fcmk\u00fcn.<\/p>\n\n\n\n<p>\ud83d\udcac <strong>Meta Hair olarak<\/strong>, sizi en k\u0131sa s\u00fcrede yepyeni bir \u00f6zg\u00fcvenle bulu\u015fturmak i\u00e7in buraday\u0131z. Hayat beklemiyor, siz de beklemeyin!<\/p>\n","protected":false},"excerpt":{"rendered":"<p>Yeni bir g\u00f6r\u00fcn\u00fcm, bazen sadece birka\u00e7 g\u00fcn uzakl\u0131ktad\u0131r. Sa\u00e7 d\u00f6k\u00fclmesi ya\u015fayan bir\u00e7ok ki\u015fi, sa\u00e7 proteziyle de\u011fi\u015fime ad\u0131m atmak ister ama s\u00fcrecin ne kadar s\u00fcrece\u011fini merak eder. \u0130yi haber \u015fu: Sa\u00e7 protezi, h\u0131zl\u0131 ve zahmetsiz bir \u00e7\u00f6z\u00fcmd\u00fcr. Sa\u00e7 protezi s\u00fcreci genel olarak 2 a\u015famadan olu\u015fur: haz\u0131rl\u0131k ve uygulama. \u2705 1. Haz\u0131rl\u0131k S\u00fcreci (1 ila 3 hafta) [&hellip;]<\/p>\n","protected":false},"author":1,"featured_media":10746,"comment_status":"open","ping_status":"open","sticky":false,"template":"","format":"standard","meta":{"footnotes":""},"categories":[1],"tags":[75,212,184,131,291,215,377],"class_list":["post-10740","post","type-post","status-publish","format-standard","has-post-thumbnail","hentry","category-protez-sac-rehberi","tag-dogal-gorunum","tag-hizli-sac-cozumu","tag-kisiye-ozel-sac-protezi","tag-meta-hair","tag-ozguven-kazanimi","tag-sac-protezi-sureci","tag-sac-protezi-uygulama-suresi"],"_links":{"self":[{"href":"https:\/\/metahair.com.tr\/index.php\/wp-json\/wp\/v2\/posts\/10740","targetHints":{"allow":["GET"]}}],"collection":[{"href":"https:\/\/metahair.com.tr\/index.php\/wp-json\/wp\/v2\/posts"}],"about":[{"href":"https:\/\/metahair.com.tr\/index.php\/wp-json\/wp\/v2\/types\/post"}],"author":[{"embeddable":true,"href":"https:\/\/metahair.com.tr\/index.php\/wp-json\/wp\/v2\/users\/1"}],"replies":[{"embeddable":true,"href":"https:\/\/metahair.com.tr\/index.php\/wp-json\/wp\/v2\/comments?post=10740"}],"version-history":[{"count":1,"href":"https:\/\/metahair.com.tr\/index.php\/wp-json\/wp\/v2\/posts\/10740\/revisions"}],"predecessor-version":[{"id":10742,"href":"https:\/\/metahair.com.tr\/index.php\/wp-json\/wp\/v2\/posts\/10740\/revisions\/10742"}],"wp:featuredmedia":[{"embeddable":true,"href":"https:\/\/metahair.com.tr\/index.php\/wp-json\/wp\/v2\/media\/10746"}],"wp:attachment":[{"href":"https:\/\/metahair.com.tr\/index.php\/wp-json\/wp\/v2\/media?parent=10740"}],"wp:term":[{"taxonomy":"category","embeddable":true,"href":"https:\/\/metahair.com.tr\/index.php\/wp-json\/wp\/v2\/categories?post=10740"},{"taxonomy":"post_tag","embeddable":true,"href":"https:\/\/metahair.com.tr\/index.php\/wp-json\/wp\/v2\/tags?post=10740"}],"curies":[{"name":"wp","href":"https:\/\/api.w.org\/{rel}","templated":true}]}}