{"id":10729,"date":"2025-06-18T20:50:17","date_gmt":"2025-06-18T20:50:17","guid":{"rendered":"https:\/\/metahair.com.tr\/?p=10729"},"modified":"2025-06-18T20:50:18","modified_gmt":"2025-06-18T20:50:18","slug":"kisiye-ozel-sac-protezi-nasil-hazirlanir-hangi-asamalar-var-2","status":"publish","type":"post","link":"https:\/\/metahair.com.tr\/index.php\/2025\/06\/18\/kisiye-ozel-sac-protezi-nasil-hazirlanir-hangi-asamalar-var-2\/","title":{"rendered":"Ki\u015fiye \u00d6zel Sa\u00e7 Protezi Nas\u0131l Haz\u0131rlan\u0131r? Hangi A\u015famalar Var?"},"content":{"rendered":"\n<p>Her insan\u0131n y\u00fcz\u00fc, tarz\u0131, hayat\u0131 farkl\u0131d\u0131r. Bu y\u00fczden <strong>sa\u00e7 protezi de ki\u015fiye \u00f6zel olmal\u0131d\u0131r.<\/strong> \u00c7\u00fcnk\u00fc bu sadece sa\u00e7 de\u011fil, aynaya her bakt\u0131\u011f\u0131n\u0131zda kendinizi yeniden ke\u015ffetmenizi sa\u011flayan bir d\u00f6n\u00fc\u015f\u00fcm yolculu\u011fudur.<\/p>\n\n\n\n<p>Kimi zaman kaybetti\u011finiz sa\u00e7larla birlikte, \u00f6zg\u00fcveniniz de g\u00f6lgelenir. Ancak do\u011fru ad\u0131mlarla, bu d\u00f6ng\u00fcy\u00fc k\u0131rmak ve kendinizi yeniden g\u00fc\u00e7l\u00fc hissetmek m\u00fcmk\u00fcn.<br>\u0130\u015fte bu de\u011fi\u015fimin perde arkas\u0131nda, titizlikle ilerleyen bir haz\u0131rl\u0131k s\u00fcreci yatar:<\/p>\n\n\n\n<p>\u2705 <strong>1. Birebir Dan\u0131\u015fmanl\u0131k: <\/strong>\u0130lk ad\u0131mda sizinle birebir g\u00f6r\u00fc\u015fme yap\u0131l\u0131r. Sa\u00e7 yap\u0131n\u0131z, d\u00f6k\u00fclme oran\u0131n\u0131z, ya\u015fam stiliniz ve beklentileriniz detayl\u0131ca analiz edilir. Bu a\u015fama, do\u011fal ve size \u00f6zel bir g\u00f6r\u00fcn\u00fcm\u00fcn temelini olu\u015fturur.<\/p>\n\n\n\n<p><strong>\u2705 2. \u00d6l\u00e7\u00fcm ve Tasar\u0131m: <\/strong>Ba\u015f yap\u0131n\u0131zdan al\u0131nan \u00f6l\u00e7\u00fclerle, sa\u00e7 \u00e7izginiz ve yo\u011funluk yap\u0131n\u0131z dikkate al\u0131narak size \u00f6zel bir tasar\u0131m yap\u0131l\u0131r. Her tel, sizin i\u00e7in planlan\u0131r.<\/p>\n\n\n\n<p>\u2705 <strong>3. \u00dcretim S\u00fcreci: <\/strong>Se\u00e7ti\u011finiz sa\u00e7 rengine, dalga yap\u0131s\u0131na ve yo\u011funlu\u011fa g\u00f6re %100 do\u011fal insan sa\u00e7lar\u0131ndan \u00fcretilen proteziniz haz\u0131rlan\u0131r. Ger\u00e7ekten size aitmi\u015f gibi hissettiren do\u011fal bir yap\u0131 ortaya \u00e7\u0131kar.<\/p>\n\n\n\n<p>\u2705 <strong>4. Uygulama ve \u015eekillendirme:<\/strong> Protez sa\u00e7, uzmanlar taraf\u0131ndan ba\u015f\u0131n\u0131za uygulan\u0131r. Ard\u0131ndan, tarz\u0131n\u0131za uygun kesim ve \u015fekillendirme yap\u0131l\u0131r. O an aynaya bakt\u0131\u011f\u0131n\u0131zda yeni bir sizle tan\u0131\u015f\u0131rs\u0131n\u0131z.<\/p>\n\n\n\n<h4 class=\"wp-block-heading\">\u2705 <strong>5. Bak\u0131m E\u011fitimi ve Destek<\/strong><\/h4>\n\n\n\n<p>Size \u00f6zel bak\u0131m \u00f6nerileri ve d\u00fczenli kontrollerle sa\u00e7lar\u0131n\u0131z ilk g\u00fcnk\u00fc gibi kal\u0131r. \u00c7\u00fcnk\u00fc sa\u00e7\u0131n\u0131za nas\u0131l bakt\u0131\u011f\u0131n\u0131z, kendinize nas\u0131l bakt\u0131\u011f\u0131n\u0131zla ayn\u0131d\u0131r.<\/p>\n\n\n\n<hr class=\"wp-block-separator has-alpha-channel-opacity\"\/>\n\n\n\n<p>Bu s\u00fcre\u00e7 yaln\u0131zca sa\u00e7lar\u0131n\u0131z\u0131 de\u011fil, ruhunuzu da yeniler.<br>\ud83d\udcac <strong>Meta Hair olarak<\/strong>, ki\u015fiye \u00f6zel sa\u00e7 protezinde yaln\u0131zca g\u00f6r\u00fcn\u00fcm de\u011fil, ya\u015fam konforu da tasarlar\u0131z.<br>Sen yeter ki karar ver, biz seni yeniden sen yapan ad\u0131m\u0131 birlikte atal\u0131m.<\/p>\n","protected":false},"excerpt":{"rendered":"<p>Her insan\u0131n y\u00fcz\u00fc, tarz\u0131, hayat\u0131 farkl\u0131d\u0131r. Bu y\u00fczden sa\u00e7 protezi de ki\u015fiye \u00f6zel olmal\u0131d\u0131r. \u00c7\u00fcnk\u00fc bu sadece sa\u00e7 de\u011fil, aynaya her bakt\u0131\u011f\u0131n\u0131zda kendinizi yeniden ke\u015ffetmenizi sa\u011flayan bir d\u00f6n\u00fc\u015f\u00fcm yolculu\u011fudur. Kimi zaman kaybetti\u011finiz sa\u00e7larla birlikte, \u00f6zg\u00fcveniniz de g\u00f6lgelenir. Ancak do\u011fru ad\u0131mlarla, bu d\u00f6ng\u00fcy\u00fc k\u0131rmak ve kendinizi yeniden g\u00fc\u00e7l\u00fc hissetmek m\u00fcmk\u00fcn.\u0130\u015fte bu de\u011fi\u015fimin perde arkas\u0131nda, titizlikle ilerleyen [&hellip;]<\/p>\n","protected":false},"author":1,"featured_media":10730,"comment_status":"open","ping_status":"open","sticky":false,"template":"","format":"standard","meta":{"footnotes":""},"categories":[1],"tags":[58,184,131,293,260,364,374],"class_list":["post-10729","post","type-post","status-publish","format-standard","has-post-thumbnail","hentry","category-protez-sac-rehberi","tag-dogal-sac-gorunumu","tag-kisiye-ozel-sac-protezi","tag-meta-hair","tag-ozguven-kazanmak","tag-sac-dokulmesine-cozum","tag-sac-protezi-asamalari","tag-sac-protezi-nasil-hazirlanir"],"_links":{"self":[{"href":"https:\/\/metahair.com.tr\/index.php\/wp-json\/wp\/v2\/posts\/10729","targetHints":{"allow":["GET"]}}],"collection":[{"href":"https:\/\/metahair.com.tr\/index.php\/wp-json\/wp\/v2\/posts"}],"about":[{"href":"https:\/\/metahair.com.tr\/index.php\/wp-json\/wp\/v2\/types\/post"}],"author":[{"embeddable":true,"href":"https:\/\/metahair.com.tr\/index.php\/wp-json\/wp\/v2\/users\/1"}],"replies":[{"embeddable":true,"href":"https:\/\/metahair.com.tr\/index.php\/wp-json\/wp\/v2\/comments?post=10729"}],"version-history":[{"count":1,"href":"https:\/\/metahair.com.tr\/index.php\/wp-json\/wp\/v2\/posts\/10729\/revisions"}],"predecessor-version":[{"id":10731,"href":"https:\/\/metahair.com.tr\/index.php\/wp-json\/wp\/v2\/posts\/10729\/revisions\/10731"}],"wp:featuredmedia":[{"embeddable":true,"href":"https:\/\/metahair.com.tr\/index.php\/wp-json\/wp\/v2\/media\/10730"}],"wp:attachment":[{"href":"https:\/\/metahair.com.tr\/index.php\/wp-json\/wp\/v2\/media?parent=10729"}],"wp:term":[{"taxonomy":"category","embeddable":true,"href":"https:\/\/metahair.com.tr\/index.php\/wp-json\/wp\/v2\/categories?post=10729"},{"taxonomy":"post_tag","embeddable":true,"href":"https:\/\/metahair.com.tr\/index.php\/wp-json\/wp\/v2\/tags?post=10729"}],"curies":[{"name":"wp","href":"https:\/\/api.w.org\/{rel}","templated":true}]}}