{"id":10726,"date":"2025-06-18T20:40:46","date_gmt":"2025-06-18T20:40:46","guid":{"rendered":"https:\/\/metahair.com.tr\/?p=10726"},"modified":"2025-06-18T20:40:48","modified_gmt":"2025-06-18T20:40:48","slug":"sac-protezi-fiyatlari-neye-gore-degisir-kaliteyi-neler-belirler","status":"publish","type":"post","link":"https:\/\/metahair.com.tr\/index.php\/2025\/06\/18\/sac-protezi-fiyatlari-neye-gore-degisir-kaliteyi-neler-belirler\/","title":{"rendered":"Sa\u00e7 Protezi Fiyatlar\u0131 Neye G\u00f6re De\u011fi\u015fir? Kaliteyi Neler Belirler?"},"content":{"rendered":"\n<p>Sa\u00e7 protezi yapt\u0131rmak isteyen bir\u00e7ok ki\u015finin akl\u0131ndaki ilk sorulardan biri \u015fudur: <strong>\u201cFiyatlar neden bu kadar farkl\u0131?\u201d<\/strong><br>Hakl\u0131 bir soru. \u00c7\u00fcnk\u00fc sa\u00e7 protezi yaln\u0131zca bir \u00fcr\u00fcn de\u011fil, detayl\u0131 bir s\u00fcre\u00e7tir ve fiyat\u0131 belirleyen bir\u00e7ok \u00f6nemli fakt\u00f6r vard\u0131r.<\/p>\n\n\n\n<h4 class=\"wp-block-heading\">\ud83c\udfaf 1. <strong>Kullan\u0131lan Sa\u00e7 Kalitesi<\/strong><\/h4>\n\n\n\n<p>En b\u00fcy\u00fck etken, sa\u00e7\u0131n do\u011fal olup olmamas\u0131d\u0131r. %100 ger\u00e7ek insan sa\u00e7\u0131 kullan\u0131lan protezler, g\u00f6r\u00fcn\u00fcm ve his a\u00e7\u0131s\u0131ndan \u00e7ok daha do\u011fal durur. Sentetik sa\u00e7l\u0131 protezlere g\u00f6re elbette fiyat\u0131 da daha y\u00fcksek olur.<\/p>\n\n\n\n<h4 class=\"wp-block-heading\">\ud83c\udfaf 2. <strong>Taban (Alt Yap\u0131) Kalitesi<\/strong><\/h4>\n\n\n\n<p>Sa\u00e7 protezinin kafa derinize temas eden k\u0131sm\u0131 \u00e7ok \u00f6nemlidir. Nefes alabilen, ince yap\u0131l\u0131, terlemeyi \u00f6nleyen kaliteli tabanlar fiyat\u0131 y\u00fckseltebilir; ancak uzun vadede \u00e7ok daha konforlu bir kullan\u0131m sa\u011flar.<\/p>\n\n\n\n<h4 class=\"wp-block-heading\">\ud83c\udfaf 3. <strong>Ki\u015fiye \u00d6zel \u00dcretim<\/strong><\/h4>\n\n\n\n<p>Standart kal\u0131plar yerine \u00f6l\u00e7\u00fc al\u0131n\u0131p \u00f6zel tasarlanan sa\u00e7 protezleri daha do\u011fal g\u00f6r\u00fcn\u00fcr ve daha iyi oturur. Ki\u015fiye \u00f6zel tasar\u0131m, eme\u011fi ve s\u00fcreyi art\u0131rd\u0131\u011f\u0131 i\u00e7in fiyata yans\u0131r.<\/p>\n\n\n\n<h4 class=\"wp-block-heading\">\ud83c\udfaf 4. <strong>Uygulama Hizmeti ve Uzmanl\u0131k<\/strong><\/h4>\n\n\n\n<p>Protez yaln\u0131zca sa\u00e7 de\u011fil, uzmanl\u0131k gerektiren bir uygulamad\u0131r. Deneyimli ekipler taraf\u0131ndan yap\u0131lan i\u015flemler daha do\u011fal bir sonu\u00e7 sunar. Uygulama kalitesi de fiyat\u0131 etkiler.<\/p>\n\n\n\n<h4 class=\"wp-block-heading\">\ud83c\udfaf 5. <strong>Bak\u0131m ve Dan\u0131\u015fmanl\u0131k Hizmeti<\/strong><\/h4>\n\n\n\n<p><strong>Meta Hair olarak biz, sadece sa\u00e7 protezini uygulay\u0131p b\u0131rakm\u0131yoruz.<\/strong> Kapsaml\u0131 bak\u0131m setleri, d\u00fczenli kontrol hizmetleri ve ki\u015fiye \u00f6zel dan\u0131\u015fmanl\u0131k deste\u011fiyle sizi her ad\u0131mda yaln\u0131z b\u0131rakm\u0131yoruz. T\u00fcm bu profesyonel hizmetler, yaln\u0131zca d\u0131\u015f g\u00f6r\u00fcn\u00fcm\u00fcn\u00fcz\u00fc de\u011fil, genel ya\u015fam kalitenizi de art\u0131rmak i\u00e7in tasarland\u0131.<br>Bu y\u00fczden fiyatlar\u0131m\u0131z, sundu\u011fumuz b\u00fct\u00fcnsel hizmet anlay\u0131\u015f\u0131n\u0131 yans\u0131t\u0131r.<\/p>\n\n\n\n<hr class=\"wp-block-separator has-alpha-channel-opacity\"\/>\n\n\n\n<p>Unutma: Sa\u00e7 protezi bir &#8220;masraf&#8221; de\u011fil, uzun vadede <strong>kendine yap\u0131lan bir yat\u0131r\u0131md\u0131r.<\/strong> Do\u011fru \u00fcr\u00fcn ve uzmanl\u0131kla se\u00e7ildi\u011finde y\u0131llarca konfor ve \u00f6zg\u00fcven sunar.<\/p>\n\n\n\n<p>\ud83d\udcac <strong>Meta Hair olarak, her b\u00fct\u00e7eye ve her ihtiyaca uygun, kaliteli \u00e7\u00f6z\u00fcmler sunuyoruz. \u00c7\u00fcnk\u00fc bizce herkes iyi g\u00f6r\u00fcnmeyi ve iyi hissetmeyi hak eder.<\/strong><\/p>\n","protected":false},"excerpt":{"rendered":"<p>Sa\u00e7 protezi yapt\u0131rmak isteyen bir\u00e7ok ki\u015finin akl\u0131ndaki ilk sorulardan biri \u015fudur: \u201cFiyatlar neden bu kadar farkl\u0131?\u201dHakl\u0131 bir soru. \u00c7\u00fcnk\u00fc sa\u00e7 protezi yaln\u0131zca bir \u00fcr\u00fcn de\u011fil, detayl\u0131 bir s\u00fcre\u00e7tir ve fiyat\u0131 belirleyen bir\u00e7ok \u00f6nemli fakt\u00f6r vard\u0131r. \ud83c\udfaf 1. Kullan\u0131lan Sa\u00e7 Kalitesi En b\u00fcy\u00fck etken, sa\u00e7\u0131n do\u011fal olup olmamas\u0131d\u0131r. %100 ger\u00e7ek insan sa\u00e7\u0131 kullan\u0131lan protezler, g\u00f6r\u00fcn\u00fcm ve [&hellip;]<\/p>\n","protected":false},"author":1,"featured_media":10727,"comment_status":"open","ping_status":"open","sticky":false,"template":"","format":"standard","meta":{"footnotes":""},"categories":[53],"tags":[94,303,65,131,373,372,97],"class_list":["post-10726","post","type-post","status-publish","format-standard","has-post-thumbnail","hentry","category-sac-bakimi-ve-urunler","tag-dogal-sac-protezi","tag-kalite-farki","tag-kisiye-ozel-sac","tag-meta-hair","tag-ozguven-yatirimi","tag-sac-protezi-fiyatlari","tag-sac-protezi-secimi"],"_links":{"self":[{"href":"https:\/\/metahair.com.tr\/index.php\/wp-json\/wp\/v2\/posts\/10726","targetHints":{"allow":["GET"]}}],"collection":[{"href":"https:\/\/metahair.com.tr\/index.php\/wp-json\/wp\/v2\/posts"}],"about":[{"href":"https:\/\/metahair.com.tr\/index.php\/wp-json\/wp\/v2\/types\/post"}],"author":[{"embeddable":true,"href":"https:\/\/metahair.com.tr\/index.php\/wp-json\/wp\/v2\/users\/1"}],"replies":[{"embeddable":true,"href":"https:\/\/metahair.com.tr\/index.php\/wp-json\/wp\/v2\/comments?post=10726"}],"version-history":[{"count":1,"href":"https:\/\/metahair.com.tr\/index.php\/wp-json\/wp\/v2\/posts\/10726\/revisions"}],"predecessor-version":[{"id":10728,"href":"https:\/\/metahair.com.tr\/index.php\/wp-json\/wp\/v2\/posts\/10726\/revisions\/10728"}],"wp:featuredmedia":[{"embeddable":true,"href":"https:\/\/metahair.com.tr\/index.php\/wp-json\/wp\/v2\/media\/10727"}],"wp:attachment":[{"href":"https:\/\/metahair.com.tr\/index.php\/wp-json\/wp\/v2\/media?parent=10726"}],"wp:term":[{"taxonomy":"category","embeddable":true,"href":"https:\/\/metahair.com.tr\/index.php\/wp-json\/wp\/v2\/categories?post=10726"},{"taxonomy":"post_tag","embeddable":true,"href":"https:\/\/metahair.com.tr\/index.php\/wp-json\/wp\/v2\/tags?post=10726"}],"curies":[{"name":"wp","href":"https:\/\/api.w.org\/{rel}","templated":true}]}}