{"id":10991,"date":"2025-07-26T19:44:32","date_gmt":"2025-07-26T19:44:32","guid":{"rendered":"https:\/\/metahair.com.tr\/?p=10991"},"modified":"2025-07-26T19:48:51","modified_gmt":"2025-07-26T19:48:51","slug":"protez-sacla-sabah-hazirliklari-ne-kadar-kolaylasir","status":"publish","type":"post","link":"http:\/\/metahair.com.tr\/index.php\/2025\/07\/26\/protez-sacla-sabah-hazirliklari-ne-kadar-kolaylasir\/","title":{"rendered":"Protez Sa\u00e7la Sabah Haz\u0131rl\u0131klar\u0131 Ne Kadar Kolayla\u015f\u0131r?"},"content":{"rendered":"\n<p>Sabahlar\u0131 i\u015fe, toplant\u0131ya ya da d\u0131\u015far\u0131 \u00e7\u0131kmaya haz\u0131rlan\u0131rken sa\u00e7larla u\u011fra\u015fmak \u00e7o\u011fu zaman vakit kayb\u0131 yarat\u0131r. \u00d6zellikle sa\u00e7 seyrelmesi veya d\u00f6k\u00fclme sorunu ya\u015fayanlar i\u00e7in \u015fekillendirme, kapatma \u00e7abalar\u0131 ve \u00f6zg\u00fcven eksikli\u011fi sabah rutinini zorla\u015ft\u0131r\u0131r. \u0130\u015fte burada <strong>protez sa\u00e7<\/strong> devreye giriyor.<\/p>\n\n\n\n<p>Protez sa\u00e7 sayesinde, her sabah dolgun ve do\u011fal g\u00f6r\u00fcn\u00fcml\u00fc sa\u00e7larla uyan\u0131rs\u0131n\u0131z. \u015eekillendirme i\u00e7in ekstra u\u011fra\u015fmaya gerek kalmadan, sadece birka\u00e7 dakikal\u0131k tarama ile g\u00fcn\u00fcn\u00fcze haz\u0131r olabilirsiniz. Sa\u00e7lar\u0131n\u0131z zaten istedi\u011finiz modelde ve hacimde oldu\u011fu i\u00e7in, saatlerce ayna kar\u015f\u0131s\u0131nda u\u011fra\u015fman\u0131za gerek yoktur.<\/p>\n\n\n\n<p><strong>Meta Hair<\/strong>, kullan\u0131c\u0131lar\u0131na \u00f6zel haz\u0131rlanan protez sa\u00e7 sistemleriyle, bu kolayl\u0131\u011f\u0131 maksimum seviyeye \u00e7\u0131kar\u0131r. Hafif, do\u011fal ve ki\u015fiye \u00f6zel tasar\u0131mlar sayesinde sa\u00e7lar\u0131n\u0131z hem estetik a\u00e7\u0131dan do\u011fal g\u00f6r\u00fcn\u00fcr hem de g\u00fcn boyu konfor sa\u011flar. B\u00f6ylece sabahlar\u0131n\u0131z daha stressiz, g\u00fcn\u00fcn\u00fcz daha \u00f6zg\u00fcvenli ba\u015flar.<\/p>\n","protected":false},"excerpt":{"rendered":"<p>Sabahlar\u0131 i\u015fe, toplant\u0131ya ya da d\u0131\u015far\u0131 \u00e7\u0131kmaya haz\u0131rlan\u0131rken sa\u00e7larla u\u011fra\u015fmak \u00e7o\u011fu zaman vakit kayb\u0131 yarat\u0131r. \u00d6zellikle sa\u00e7 seyrelmesi veya d\u00f6k\u00fclme sorunu ya\u015fayanlar i\u00e7in \u015fekillendirme, kapatma \u00e7abalar\u0131 ve \u00f6zg\u00fcven eksikli\u011fi sabah rutinini zorla\u015ft\u0131r\u0131r. \u0130\u015fte burada protez sa\u00e7 devreye giriyor. Protez sa\u00e7 sayesinde, her sabah dolgun ve do\u011fal g\u00f6r\u00fcn\u00fcml\u00fc sa\u00e7larla uyan\u0131rs\u0131n\u0131z. \u015eekillendirme i\u00e7in ekstra u\u011fra\u015fmaya gerek kalmadan, [&hellip;]<\/p>\n","protected":false},"author":1,"featured_media":10996,"comment_status":"open","ping_status":"open","sticky":false,"template":"","format":"standard","meta":{"footnotes":""},"categories":[54],"tags":[58,608,239,131,136,607,56],"class_list":["post-10991","post","type-post","status-publish","format-standard","has-post-thumbnail","hentry","category-estetik-ve-gorunum","tag-dogal-sac-gorunumu","tag-hizli-sac-rutini","tag-kisiye-ozel-sac-tasarimi","tag-meta-hair","tag-ozguven","tag-sabah-hazirlik-kolayligi","tag-sac-protezi"],"_links":{"self":[{"href":"http:\/\/metahair.com.tr\/index.php\/wp-json\/wp\/v2\/posts\/10991","targetHints":{"allow":["GET"]}}],"collection":[{"href":"http:\/\/metahair.com.tr\/index.php\/wp-json\/wp\/v2\/posts"}],"about":[{"href":"http:\/\/metahair.com.tr\/index.php\/wp-json\/wp\/v2\/types\/post"}],"author":[{"embeddable":true,"href":"http:\/\/metahair.com.tr\/index.php\/wp-json\/wp\/v2\/users\/1"}],"replies":[{"embeddable":true,"href":"http:\/\/metahair.com.tr\/index.php\/wp-json\/wp\/v2\/comments?post=10991"}],"version-history":[{"count":1,"href":"http:\/\/metahair.com.tr\/index.php\/wp-json\/wp\/v2\/posts\/10991\/revisions"}],"predecessor-version":[{"id":10993,"href":"http:\/\/metahair.com.tr\/index.php\/wp-json\/wp\/v2\/posts\/10991\/revisions\/10993"}],"wp:featuredmedia":[{"embeddable":true,"href":"http:\/\/metahair.com.tr\/index.php\/wp-json\/wp\/v2\/media\/10996"}],"wp:attachment":[{"href":"http:\/\/metahair.com.tr\/index.php\/wp-json\/wp\/v2\/media?parent=10991"}],"wp:term":[{"taxonomy":"category","embeddable":true,"href":"http:\/\/metahair.com.tr\/index.php\/wp-json\/wp\/v2\/categories?post=10991"},{"taxonomy":"post_tag","embeddable":true,"href":"http:\/\/metahair.com.tr\/index.php\/wp-json\/wp\/v2\/tags?post=10991"}],"curies":[{"name":"wp","href":"https:\/\/api.w.org\/{rel}","templated":true}]}}