{"id":10988,"date":"2025-07-26T19:38:32","date_gmt":"2025-07-26T19:38:32","guid":{"rendered":"https:\/\/metahair.com.tr\/?p=10988"},"modified":"2025-07-26T19:38:33","modified_gmt":"2025-07-26T19:38:33","slug":"protez-sac-ile-hangi-stiller-daha-genc-gosterir","status":"publish","type":"post","link":"http:\/\/metahair.com.tr\/index.php\/2025\/07\/26\/protez-sac-ile-hangi-stiller-daha-genc-gosterir\/","title":{"rendered":"Protez Sa\u00e7 ile Hangi Stiller Daha Gen\u00e7 G\u00f6sterir?"},"content":{"rendered":"\n<p>Protez sa\u00e7, yaln\u0131zca sa\u00e7 kayb\u0131na \u00e7\u00f6z\u00fcm de\u011fil; ayn\u0131 zamanda stilinizi tazeleyerek daha gen\u00e7 bir g\u00f6r\u00fcn\u00fcm elde etmenizi sa\u011flayan bir yenilik. Peki, hangi stiller sizi daha dinamik ve enerjik g\u00f6sterebilir?<\/p>\n\n\n\n<p>\u00d6ncelikle, <strong>do\u011fal hacimli ve katl\u0131 kesimler<\/strong> her zaman gen\u00e7 bir g\u00f6r\u00fcn\u00fcm\u00fcn anahtar\u0131d\u0131r. Katlar, y\u00fcz hatlar\u0131n\u0131 yumu\u015fat\u0131r ve sa\u00e7\u0131n\u0131za hareket katar. Ayr\u0131ca, \u00e7ok uzun ya da \u00e7ok k\u0131sa olmayan, <strong>orta uzunluktaki sa\u00e7lar<\/strong> y\u00fcz\u00fcn\u00fcz\u00fc daha dengeli g\u00f6sterir.<\/p>\n\n\n\n<p>Renk se\u00e7iminde de birka\u00e7 ton a\u00e7\u0131k veya do\u011fal \u0131\u015f\u0131lt\u0131lar eklenmi\u015f sa\u00e7lar, cildinize tazelik katar. \u00d6zellikle y\u00fcz\u00fc \u00e7er\u00e7eveleyen a\u00e7\u0131k tonlar, ya\u015f\u0131n\u0131z\u0131 daha gen\u00e7 hissettirebilir.<\/p>\n\n\n\n<p>Burada devreye <strong>Meta Hair<\/strong> giriyor. Ki\u015fiye \u00f6zel protez sa\u00e7 tasar\u0131mlar\u0131yla, sadece sa\u00e7 eklemekle kalmaz; y\u00fcz tipinize, tarz\u0131n\u0131za ve ya\u015fam \u015feklinize en uygun stili belirleyerek daha dinamik bir g\u00f6r\u00fcn\u00fcm kazanman\u0131z\u0131 sa\u011flar.<\/p>\n\n\n\n<p>K\u0131sacas\u0131, do\u011fru kesim, renk ve profesyonel uygulama ile protez sa\u00e7, sizi sadece tamamlamakla kalmaz; daha gen\u00e7, enerjik ve \u00f6zg\u00fcvenli hissettirir.<\/p>\n","protected":false},"excerpt":{"rendered":"<p>Protez sa\u00e7, yaln\u0131zca sa\u00e7 kayb\u0131na \u00e7\u00f6z\u00fcm de\u011fil; ayn\u0131 zamanda stilinizi tazeleyerek daha gen\u00e7 bir g\u00f6r\u00fcn\u00fcm elde etmenizi sa\u011flayan bir yenilik. Peki, hangi stiller sizi daha dinamik ve enerjik g\u00f6sterebilir? \u00d6ncelikle, do\u011fal hacimli ve katl\u0131 kesimler her zaman gen\u00e7 bir g\u00f6r\u00fcn\u00fcm\u00fcn anahtar\u0131d\u0131r. Katlar, y\u00fcz hatlar\u0131n\u0131 yumu\u015fat\u0131r ve sa\u00e7\u0131n\u0131za hareket katar. Ayr\u0131ca, \u00e7ok uzun ya da \u00e7ok [&hellip;]<\/p>\n","protected":false},"author":1,"featured_media":10989,"comment_status":"open","ping_status":"open","sticky":false,"template":"","format":"standard","meta":{"footnotes":""},"categories":[1],"tags":[58,606,304,131,136,563,56],"class_list":["post-10988","post","type-post","status-publish","format-standard","has-post-thumbnail","hentry","category-protez-sac-rehberi","tag-dogal-sac-gorunumu","tag-genc-gosteren-sac-stilleri","tag-kisiye-ozel-tasarim","tag-meta-hair","tag-ozguven","tag-protez-sac-modelleri","tag-sac-protezi"],"_links":{"self":[{"href":"http:\/\/metahair.com.tr\/index.php\/wp-json\/wp\/v2\/posts\/10988","targetHints":{"allow":["GET"]}}],"collection":[{"href":"http:\/\/metahair.com.tr\/index.php\/wp-json\/wp\/v2\/posts"}],"about":[{"href":"http:\/\/metahair.com.tr\/index.php\/wp-json\/wp\/v2\/types\/post"}],"author":[{"embeddable":true,"href":"http:\/\/metahair.com.tr\/index.php\/wp-json\/wp\/v2\/users\/1"}],"replies":[{"embeddable":true,"href":"http:\/\/metahair.com.tr\/index.php\/wp-json\/wp\/v2\/comments?post=10988"}],"version-history":[{"count":1,"href":"http:\/\/metahair.com.tr\/index.php\/wp-json\/wp\/v2\/posts\/10988\/revisions"}],"predecessor-version":[{"id":10990,"href":"http:\/\/metahair.com.tr\/index.php\/wp-json\/wp\/v2\/posts\/10988\/revisions\/10990"}],"wp:featuredmedia":[{"embeddable":true,"href":"http:\/\/metahair.com.tr\/index.php\/wp-json\/wp\/v2\/media\/10989"}],"wp:attachment":[{"href":"http:\/\/metahair.com.tr\/index.php\/wp-json\/wp\/v2\/media?parent=10988"}],"wp:term":[{"taxonomy":"category","embeddable":true,"href":"http:\/\/metahair.com.tr\/index.php\/wp-json\/wp\/v2\/categories?post=10988"},{"taxonomy":"post_tag","embeddable":true,"href":"http:\/\/metahair.com.tr\/index.php\/wp-json\/wp\/v2\/tags?post=10988"}],"curies":[{"name":"wp","href":"https:\/\/api.w.org\/{rel}","templated":true}]}}