{"id":10985,"date":"2025-07-26T19:24:23","date_gmt":"2025-07-26T19:24:23","guid":{"rendered":"https:\/\/metahair.com.tr\/?p=10985"},"modified":"2025-07-26T19:24:23","modified_gmt":"2025-07-26T19:24:23","slug":"protez-sac-kullanicilarinin-en-memnun-oldugu-detaylar","status":"publish","type":"post","link":"http:\/\/metahair.com.tr\/index.php\/2025\/07\/26\/protez-sac-kullanicilarinin-en-memnun-oldugu-detaylar\/","title":{"rendered":"Protez Sa\u00e7 Kullan\u0131c\u0131lar\u0131n\u0131n En Memnun Oldu\u011fu Detaylar"},"content":{"rendered":"\n<p>Protez sa\u00e7, yaln\u0131zca sa\u00e7 kayb\u0131n\u0131 kapatan bir \u00e7\u00f6z\u00fcm de\u011fil; kullan\u0131c\u0131lar\u0131na g\u00fcnl\u00fck ya\u015famda b\u00fcy\u00fck bir rahatl\u0131k ve \u00f6zg\u00fcven sunan bir sistem. Bu y\u00f6ntemi deneyenlerin en \u00e7ok memnun kald\u0131\u011f\u0131 detaylar, yaln\u0131zca estetik de\u011fil, ya\u015fam tarz\u0131na katt\u0131\u011f\u0131 kolayl\u0131klarla da \u00f6ne \u00e7\u0131k\u0131yor.<\/p>\n\n\n\n<p>Kullan\u0131c\u0131lar\u0131n en \u00e7ok \u00f6vd\u00fc\u011f\u00fc \u00f6zelliklerden biri, <strong>do\u011fal g\u00f6r\u00fcn\u00fcm<\/strong>. Modern sistemler sayesinde protez sa\u00e7, kendi sa\u00e7\u0131n\u0131zla uyumlu bir \u015fekilde tasarlan\u0131r ve d\u0131\u015far\u0131dan fark edilmez. \u0130\u015fte tam da bu noktada <strong>Meta Hair<\/strong>, ki\u015fiye \u00f6zel tasar\u0131m ve profesyonel uygulama s\u00fcre\u00e7leriyle fark yarat\u0131r.<\/p>\n\n\n\n<p>Bir di\u011fer memnuniyet noktas\u0131, <strong>konfor ve pratikliktir<\/strong>. Du\u015f almak, spor yapmak, r\u00fczg\u00e2rl\u0131 ya da ya\u011fmurlu havalarda d\u0131\u015far\u0131 \u00e7\u0131kmak protez sa\u00e7 kullan\u0131c\u0131lar\u0131 i\u00e7in sorun olmaktan \u00e7\u0131kar. Dayan\u0131kl\u0131 ve kaliteli materyaller, sa\u00e7\u0131n her durumda g\u00fcvenli bir \u015fekilde durmas\u0131n\u0131 sa\u011flar.<\/p>\n\n\n\n<p>Ayr\u0131ca kullan\u0131c\u0131lar, <strong>\u00f6zg\u00fcvenlerine olan katk\u0131s\u0131n\u0131<\/strong> en \u00f6nemli avantaj olarak vurgular. Sa\u00e7 d\u00f6k\u00fclmesinden kaynaklanan kayg\u0131lar ortadan kalkt\u0131\u011f\u0131nda, sosyal ya\u015famdan i\u015f hayat\u0131na kadar bir\u00e7ok alanda daha g\u00fc\u00e7l\u00fc ve pozitif bir duru\u015f sergilemek m\u00fcmk\u00fcn olur.<\/p>\n\n\n\n<p>Meta Hair ile uygulanan protez sa\u00e7lar, sadece sa\u00e7 de\u011fil; ki\u015fiye konfor, g\u00fcven ve yenilenmi\u015f bir ya\u015fam tarz\u0131 da sunar.<\/p>\n","protected":false},"excerpt":{"rendered":"<p>Protez sa\u00e7, yaln\u0131zca sa\u00e7 kayb\u0131n\u0131 kapatan bir \u00e7\u00f6z\u00fcm de\u011fil; kullan\u0131c\u0131lar\u0131na g\u00fcnl\u00fck ya\u015famda b\u00fcy\u00fck bir rahatl\u0131k ve \u00f6zg\u00fcven sunan bir sistem. Bu y\u00f6ntemi deneyenlerin en \u00e7ok memnun kald\u0131\u011f\u0131 detaylar, yaln\u0131zca estetik de\u011fil, ya\u015fam tarz\u0131na katt\u0131\u011f\u0131 kolayl\u0131klarla da \u00f6ne \u00e7\u0131k\u0131yor. Kullan\u0131c\u0131lar\u0131n en \u00e7ok \u00f6vd\u00fc\u011f\u00fc \u00f6zelliklerden biri, do\u011fal g\u00f6r\u00fcn\u00fcm. Modern sistemler sayesinde protez sa\u00e7, kendi sa\u00e7\u0131n\u0131zla uyumlu bir [&hellip;]<\/p>\n","protected":false},"author":1,"featured_media":10986,"comment_status":"open","ping_status":"open","sticky":false,"template":"","format":"standard","meta":{"footnotes":""},"categories":[1],"tags":[75,304,131,136,605,261,56],"class_list":["post-10985","post","type-post","status-publish","format-standard","has-post-thumbnail","hentry","category-protez-sac-rehberi","tag-dogal-gorunum","tag-kisiye-ozel-tasarim","tag-meta-hair","tag-ozguven","tag-pratik-yasam","tag-protez-sac-avantajlari","tag-sac-protezi"],"_links":{"self":[{"href":"http:\/\/metahair.com.tr\/index.php\/wp-json\/wp\/v2\/posts\/10985","targetHints":{"allow":["GET"]}}],"collection":[{"href":"http:\/\/metahair.com.tr\/index.php\/wp-json\/wp\/v2\/posts"}],"about":[{"href":"http:\/\/metahair.com.tr\/index.php\/wp-json\/wp\/v2\/types\/post"}],"author":[{"embeddable":true,"href":"http:\/\/metahair.com.tr\/index.php\/wp-json\/wp\/v2\/users\/1"}],"replies":[{"embeddable":true,"href":"http:\/\/metahair.com.tr\/index.php\/wp-json\/wp\/v2\/comments?post=10985"}],"version-history":[{"count":1,"href":"http:\/\/metahair.com.tr\/index.php\/wp-json\/wp\/v2\/posts\/10985\/revisions"}],"predecessor-version":[{"id":10987,"href":"http:\/\/metahair.com.tr\/index.php\/wp-json\/wp\/v2\/posts\/10985\/revisions\/10987"}],"wp:featuredmedia":[{"embeddable":true,"href":"http:\/\/metahair.com.tr\/index.php\/wp-json\/wp\/v2\/media\/10986"}],"wp:attachment":[{"href":"http:\/\/metahair.com.tr\/index.php\/wp-json\/wp\/v2\/media?parent=10985"}],"wp:term":[{"taxonomy":"category","embeddable":true,"href":"http:\/\/metahair.com.tr\/index.php\/wp-json\/wp\/v2\/categories?post=10985"},{"taxonomy":"post_tag","embeddable":true,"href":"http:\/\/metahair.com.tr\/index.php\/wp-json\/wp\/v2\/tags?post=10985"}],"curies":[{"name":"wp","href":"https:\/\/api.w.org\/{rel}","templated":true}]}}