{"id":10982,"date":"2025-07-26T19:19:26","date_gmt":"2025-07-26T19:19:26","guid":{"rendered":"https:\/\/metahair.com.tr\/?p=10982"},"modified":"2025-07-26T19:19:27","modified_gmt":"2025-07-26T19:19:27","slug":"protez-sac-kullananlarin-gunluk-yasamda-en-cok-yasadigi-kolayliklar","status":"publish","type":"post","link":"http:\/\/metahair.com.tr\/index.php\/2025\/07\/26\/protez-sac-kullananlarin-gunluk-yasamda-en-cok-yasadigi-kolayliklar\/","title":{"rendered":"Protez Sa\u00e7 Kullananlar\u0131n G\u00fcnl\u00fck Ya\u015famda En \u00c7ok Ya\u015fad\u0131\u011f\u0131 Kolayl\u0131klar"},"content":{"rendered":"\n<p>Protez sa\u00e7, yaln\u0131zca g\u00f6r\u00fcn\u00fcm\u00fc de\u011fi\u015ftiren bir uygulama de\u011fil; ayn\u0131 zamanda g\u00fcnl\u00fck ya\u015famda b\u00fcy\u00fck bir konfor ve \u00f6zg\u00fcrl\u00fck sa\u011flayan bir \u00e7\u00f6z\u00fcm. Bir\u00e7ok kullan\u0131c\u0131, protez sa\u00e7 sayesinde hayatlar\u0131n\u0131n ne kadar kolayla\u015ft\u0131\u011f\u0131n\u0131 fark ettik\u00e7e, bu y\u00f6ntemi tercih etmenin yaln\u0131zca estetik de\u011fil, ya\u015fam kalitesi a\u00e7\u0131s\u0131ndan da \u00f6nemli oldu\u011funu s\u00f6yl\u00fcyor.<\/p>\n\n\n\n<p>En b\u00fcy\u00fck kolayl\u0131klardan biri, <strong>zaman tasarrufu<\/strong>. Sabah i\u015fe ya da okula giderken sa\u00e7larla u\u011fra\u015fmak, d\u00f6k\u00fclme endi\u015fesi ya\u015famak ya da s\u00fcrekli \u015fapka ve bere ile g\u00f6r\u00fcn\u00fcm\u00fc gizlemek zorunda kalmamak b\u00fcy\u00fck bir rahatl\u0131k. Protez sa\u00e7 sayesinde her sabah aynaya bakt\u0131\u011f\u0131n\u0131zda, haz\u0131r ve d\u00fczenli bir g\u00f6r\u00fcn\u00fcme sahip oluyorsunuz.<\/p>\n\n\n\n<p><strong>Meta Hair<\/strong>, yaln\u0131zca do\u011fal ve estetik g\u00f6r\u00fcn\u00fcml\u00fc protez sa\u00e7lar sunmakla kalmaz, ayn\u0131 zamanda kullan\u0131c\u0131lar\u0131n\u0131n g\u00fcnl\u00fck ya\u015fam\u0131n\u0131 kolayla\u015ft\u0131ran \u00f6zel bak\u0131m \u00f6nerileri, dayan\u0131kl\u0131 sistemler ve profesyonel destekle konforu da \u00f6n planda tutar. Du\u015f almak, spor yapmak, r\u00fczg\u00e2rl\u0131 havada dola\u015fmak ya da d\u0131\u015far\u0131da sosyal bir etkinli\u011fe kat\u0131lmak art\u0131k korkulacak bir durum de\u011fil. Dayan\u0131kl\u0131 yap\u0131lar ve do\u011fru bak\u0131m \u00fcr\u00fcnleriyle protez sa\u00e7, g\u00fcn\u00fcn her an\u0131na uyum sa\u011flar.<\/p>\n\n\n\n<p>Bununla birlikte, protez sa\u00e7 kullan\u0131c\u0131lar\u0131 <strong>\u00f6zg\u00fcven kazanman\u0131n<\/strong> g\u00fcnl\u00fck hayatta getirdi\u011fi pozitif etkilerden de s\u00f6z ediyor. Sa\u00e7 d\u00f6k\u00fclmesi sebebiyle ya\u015fanan sosyal kayg\u0131lar ortadan kalkarken, ki\u015filerin i\u015f hayat\u0131nda ve \u00f6zel ya\u015famda daha \u00f6zg\u00fcr, daha rahat ve daha enerjik hissetmesi m\u00fcmk\u00fcn oluyor.<\/p>\n\n\n\n<p>Protez sa\u00e7, yaln\u0131zca bir estetik \u00e7\u00f6z\u00fcm de\u011fil; hayat\u0131 daha kolay, daha konforlu ve daha \u00f6zg\u00fcvenli ya\u015faman\u0131n anahtar\u0131d\u0131r. Meta Hair ile do\u011fru tasar\u0131m, do\u011fru bak\u0131m ve profesyonel destek sayesinde, bu avantajlar\u0131 maksimum seviyede ya\u015faman\u0131z m\u00fcmk\u00fcn.<\/p>\n","protected":false},"excerpt":{"rendered":"<p>Protez sa\u00e7, yaln\u0131zca g\u00f6r\u00fcn\u00fcm\u00fc de\u011fi\u015ftiren bir uygulama de\u011fil; ayn\u0131 zamanda g\u00fcnl\u00fck ya\u015famda b\u00fcy\u00fck bir konfor ve \u00f6zg\u00fcrl\u00fck sa\u011flayan bir \u00e7\u00f6z\u00fcm. Bir\u00e7ok kullan\u0131c\u0131, protez sa\u00e7 sayesinde hayatlar\u0131n\u0131n ne kadar kolayla\u015ft\u0131\u011f\u0131n\u0131 fark ettik\u00e7e, bu y\u00f6ntemi tercih etmenin yaln\u0131zca estetik de\u011fil, ya\u015fam kalitesi a\u00e7\u0131s\u0131ndan da \u00f6nemli oldu\u011funu s\u00f6yl\u00fcyor. En b\u00fcy\u00fck kolayl\u0131klardan biri, zaman tasarrufu. Sabah i\u015fe ya da [&hellip;]<\/p>\n","protected":false},"author":1,"featured_media":10983,"comment_status":"open","ping_status":"open","sticky":false,"template":"","format":"standard","meta":{"footnotes":""},"categories":[55],"tags":[75,603,131,136,604,80,56],"class_list":["post-10982","post","type-post","status-publish","format-standard","has-post-thumbnail","hentry","category-meta-hairden-haberler","tag-dogal-gorunum","tag-gunluk-yasam-kolayliklari","tag-meta-hair","tag-ozguven","tag-pratik-cozumler","tag-protez-sac-bakimi","tag-sac-protezi"],"_links":{"self":[{"href":"http:\/\/metahair.com.tr\/index.php\/wp-json\/wp\/v2\/posts\/10982","targetHints":{"allow":["GET"]}}],"collection":[{"href":"http:\/\/metahair.com.tr\/index.php\/wp-json\/wp\/v2\/posts"}],"about":[{"href":"http:\/\/metahair.com.tr\/index.php\/wp-json\/wp\/v2\/types\/post"}],"author":[{"embeddable":true,"href":"http:\/\/metahair.com.tr\/index.php\/wp-json\/wp\/v2\/users\/1"}],"replies":[{"embeddable":true,"href":"http:\/\/metahair.com.tr\/index.php\/wp-json\/wp\/v2\/comments?post=10982"}],"version-history":[{"count":1,"href":"http:\/\/metahair.com.tr\/index.php\/wp-json\/wp\/v2\/posts\/10982\/revisions"}],"predecessor-version":[{"id":10984,"href":"http:\/\/metahair.com.tr\/index.php\/wp-json\/wp\/v2\/posts\/10982\/revisions\/10984"}],"wp:featuredmedia":[{"embeddable":true,"href":"http:\/\/metahair.com.tr\/index.php\/wp-json\/wp\/v2\/media\/10983"}],"wp:attachment":[{"href":"http:\/\/metahair.com.tr\/index.php\/wp-json\/wp\/v2\/media?parent=10982"}],"wp:term":[{"taxonomy":"category","embeddable":true,"href":"http:\/\/metahair.com.tr\/index.php\/wp-json\/wp\/v2\/categories?post=10982"},{"taxonomy":"post_tag","embeddable":true,"href":"http:\/\/metahair.com.tr\/index.php\/wp-json\/wp\/v2\/tags?post=10982"}],"curies":[{"name":"wp","href":"https:\/\/api.w.org\/{rel}","templated":true}]}}