{"id":10975,"date":"2025-07-23T20:17:27","date_gmt":"2025-07-23T20:17:27","guid":{"rendered":"https:\/\/metahair.com.tr\/?p=10975"},"modified":"2025-07-23T20:17:28","modified_gmt":"2025-07-23T20:17:28","slug":"protez-sacin-en-dogal-gorunmesi-icin-hangi-kesimler-tercih-edilmeli","status":"publish","type":"post","link":"http:\/\/metahair.com.tr\/index.php\/2025\/07\/23\/protez-sacin-en-dogal-gorunmesi-icin-hangi-kesimler-tercih-edilmeli\/","title":{"rendered":"Protez Sa\u00e7\u0131n En Do\u011fal G\u00f6r\u00fcnmesi \u0130\u00e7in Hangi Kesimler Tercih Edilmeli?"},"content":{"rendered":"\n<p>Protez sa\u00e7\u0131n do\u011fal g\u00f6r\u00fcnmesi i\u00e7in en kritik detaylardan biri, do\u011fru sa\u00e7 kesimidir. Y\u00fcz hatlar\u0131n\u0131za uygun, g\u00fcnl\u00fck stilinize kolayca uyum sa\u011flayacak ve kendi sa\u00e7\u0131n\u0131zla b\u00fct\u00fcnle\u015fecek bir kesim se\u00e7mek, do\u011fal bir g\u00f6r\u00fcn\u00fcm elde etmenin anahtar\u0131d\u0131r.<\/p>\n\n\n\n<p><strong>Meta Hair<\/strong>, protez sa\u00e7 uygulamalar\u0131nda ki\u015fiye \u00f6zel kesim teknikleriyle fark yarat\u0131r. Sa\u00e7\u0131n\u0131z\u0131n yo\u011funlu\u011fu, dalga yap\u0131s\u0131 ve renk ge\u00e7i\u015fleri dikkate al\u0131narak, protez sa\u00e7\u0131n kendi sa\u00e7\u0131n\u0131zla uyumu sa\u011flan\u0131r. \u00d6zellikle katl\u0131 kesimler, hareket kazand\u0131rarak protezin do\u011fal sa\u00e7 gibi ak\u0131\u015fkan g\u00f6r\u00fcnmesine yard\u0131mc\u0131 olur.<\/p>\n\n\n\n<p>Uzman ekibimiz, hem modern hem de klasik tarzlarda, sa\u00e7 \u00e7izginize uyumlu ve stilinizi \u00f6n plana \u00e7\u0131karan kesimler sunar. B\u00f6ylece protez sa\u00e7\u0131n\u0131z sadece g\u00f6r\u00fcn\u00fcm olarak de\u011fil, his olarak da ger\u00e7ek sa\u00e7 gibi olur. <strong>Meta Hair ile<\/strong>, her ad\u0131mda do\u011fal ve \u00f6zg\u00fcvenli bir g\u00f6r\u00fcn\u00fcm sizi bekler.<\/p>\n","protected":false},"excerpt":{"rendered":"<p>Protez sa\u00e7\u0131n do\u011fal g\u00f6r\u00fcnmesi i\u00e7in en kritik detaylardan biri, do\u011fru sa\u00e7 kesimidir. Y\u00fcz hatlar\u0131n\u0131za uygun, g\u00fcnl\u00fck stilinize kolayca uyum sa\u011flayacak ve kendi sa\u00e7\u0131n\u0131zla b\u00fct\u00fcnle\u015fecek bir kesim se\u00e7mek, do\u011fal bir g\u00f6r\u00fcn\u00fcm elde etmenin anahtar\u0131d\u0131r. Meta Hair, protez sa\u00e7 uygulamalar\u0131nda ki\u015fiye \u00f6zel kesim teknikleriyle fark yarat\u0131r. Sa\u00e7\u0131n\u0131z\u0131n yo\u011funlu\u011fu, dalga yap\u0131s\u0131 ve renk ge\u00e7i\u015fleri dikkate al\u0131narak, protez sa\u00e7\u0131n [&hellip;]<\/p>\n","protected":false},"author":1,"featured_media":10976,"comment_status":"open","ping_status":"open","sticky":false,"template":"","format":"standard","meta":{"footnotes":""},"categories":[1],"tags":[75,239,131,404,598,597,56],"class_list":["post-10975","post","type-post","status-publish","format-standard","has-post-thumbnail","hentry","category-protez-sac-rehberi","tag-dogal-gorunum","tag-kisiye-ozel-sac-tasarimi","tag-meta-hair","tag-ozguvenli-stil","tag-profesyonel-sac-protezi","tag-protez-sac-kesimi","tag-sac-protezi"],"_links":{"self":[{"href":"http:\/\/metahair.com.tr\/index.php\/wp-json\/wp\/v2\/posts\/10975","targetHints":{"allow":["GET"]}}],"collection":[{"href":"http:\/\/metahair.com.tr\/index.php\/wp-json\/wp\/v2\/posts"}],"about":[{"href":"http:\/\/metahair.com.tr\/index.php\/wp-json\/wp\/v2\/types\/post"}],"author":[{"embeddable":true,"href":"http:\/\/metahair.com.tr\/index.php\/wp-json\/wp\/v2\/users\/1"}],"replies":[{"embeddable":true,"href":"http:\/\/metahair.com.tr\/index.php\/wp-json\/wp\/v2\/comments?post=10975"}],"version-history":[{"count":1,"href":"http:\/\/metahair.com.tr\/index.php\/wp-json\/wp\/v2\/posts\/10975\/revisions"}],"predecessor-version":[{"id":10977,"href":"http:\/\/metahair.com.tr\/index.php\/wp-json\/wp\/v2\/posts\/10975\/revisions\/10977"}],"wp:featuredmedia":[{"embeddable":true,"href":"http:\/\/metahair.com.tr\/index.php\/wp-json\/wp\/v2\/media\/10976"}],"wp:attachment":[{"href":"http:\/\/metahair.com.tr\/index.php\/wp-json\/wp\/v2\/media?parent=10975"}],"wp:term":[{"taxonomy":"category","embeddable":true,"href":"http:\/\/metahair.com.tr\/index.php\/wp-json\/wp\/v2\/categories?post=10975"},{"taxonomy":"post_tag","embeddable":true,"href":"http:\/\/metahair.com.tr\/index.php\/wp-json\/wp\/v2\/tags?post=10975"}],"curies":[{"name":"wp","href":"https:\/\/api.w.org\/{rel}","templated":true}]}}