{"id":10972,"date":"2025-07-23T20:12:11","date_gmt":"2025-07-23T20:12:11","guid":{"rendered":"https:\/\/metahair.com.tr\/?p=10972"},"modified":"2025-07-23T20:12:13","modified_gmt":"2025-07-23T20:12:13","slug":"protez-sac-takarken-sac-derisi-bakimi-nasil-yapilir","status":"publish","type":"post","link":"http:\/\/metahair.com.tr\/index.php\/2025\/07\/23\/protez-sac-takarken-sac-derisi-bakimi-nasil-yapilir\/","title":{"rendered":"Protez Sa\u00e7 Takarken Sa\u00e7 Derisi Bak\u0131m\u0131 Nas\u0131l Yap\u0131l\u0131r?"},"content":{"rendered":"\n<p>Protez sa\u00e7 kullan\u0131rken en \u00f6nemli konulardan biri, sa\u00e7 derisinin sa\u011fl\u0131kl\u0131 kalmas\u0131d\u0131r. \u00c7\u00fcnk\u00fc sa\u00e7 protezinin uzun \u00f6m\u00fcrl\u00fc ve konforlu olmas\u0131, sa\u00e7 derisinin temiz, nemli ve bak\u0131ml\u0131 olmas\u0131na ba\u011fl\u0131d\u0131r. Uygulama \u00f6ncesinde ve sonras\u0131nda d\u00fczenli olarak yap\u0131lan bak\u0131m, protezin daha iyi sabitlenmesini ve do\u011fal g\u00f6r\u00fcnmesini sa\u011flar.<\/p>\n\n\n\n<p><strong>Meta Hair<\/strong>, sa\u00e7 protezi kullan\u0131c\u0131lar\u0131 i\u00e7in \u00f6zel sa\u00e7 derisi bak\u0131m \u00fcr\u00fcnleri ve profesyonel bak\u0131m hizmetleri sunar. Uygulama \u00f6ncesinde sa\u00e7 derisinin pH dengesini koruyan \u00f6zel temizleyiciler kullan\u0131l\u0131r ve g\u00f6zeneklerin t\u0131kanmamas\u0131 i\u00e7in d\u00fczenli bak\u0131m yap\u0131l\u0131r. Ayr\u0131ca, haftal\u0131k ya da ayl\u0131k kontrollerde sa\u00e7 derisi derinlemesine temizlenir ve protezin sa\u011fl\u0131kl\u0131 \u015fekilde tutunmas\u0131 sa\u011flan\u0131r.<\/p>\n\n\n\n<p>Bu sayede hem protez sa\u00e7 daha uzun \u00f6m\u00fcrl\u00fc olur hem de sa\u00e7 deriniz nefes al\u0131r, ka\u015f\u0131nt\u0131 ve tahri\u015f gibi sorunlar \u00f6nlenir. <strong>Meta Hair\u2019in uzman ekibi<\/strong>, sa\u00e7 protezi s\u00fcrecinizi konforlu ve sa\u011fl\u0131kl\u0131 hale getirmek i\u00e7in her ad\u0131mda yan\u0131n\u0131zda olur.<\/p>\n","protected":false},"excerpt":{"rendered":"<p>Protez sa\u00e7 kullan\u0131rken en \u00f6nemli konulardan biri, sa\u00e7 derisinin sa\u011fl\u0131kl\u0131 kalmas\u0131d\u0131r. \u00c7\u00fcnk\u00fc sa\u00e7 protezinin uzun \u00f6m\u00fcrl\u00fc ve konforlu olmas\u0131, sa\u00e7 derisinin temiz, nemli ve bak\u0131ml\u0131 olmas\u0131na ba\u011fl\u0131d\u0131r. Uygulama \u00f6ncesinde ve sonras\u0131nda d\u00fczenli olarak yap\u0131lan bak\u0131m, protezin daha iyi sabitlenmesini ve do\u011fal g\u00f6r\u00fcnmesini sa\u011flar. Meta Hair, sa\u00e7 protezi kullan\u0131c\u0131lar\u0131 i\u00e7in \u00f6zel sa\u00e7 derisi bak\u0131m \u00fcr\u00fcnleri ve [&hellip;]<\/p>\n","protected":false},"author":1,"featured_media":10973,"comment_status":"open","ping_status":"open","sticky":false,"template":"","format":"standard","meta":{"footnotes":""},"categories":[53],"tags":[587,596,131,595,594,593,56],"class_list":["post-10972","post","type-post","status-publish","format-standard","has-post-thumbnail","hentry","category-sac-bakimi-ve-urunler","tag-dogal-protez-sac","tag-konforlu-kullanim","tag-meta-hair","tag-profesyonel-bakim","tag-protez-sac-sagligi","tag-sac-derisi-bakimi","tag-sac-protezi"],"_links":{"self":[{"href":"http:\/\/metahair.com.tr\/index.php\/wp-json\/wp\/v2\/posts\/10972","targetHints":{"allow":["GET"]}}],"collection":[{"href":"http:\/\/metahair.com.tr\/index.php\/wp-json\/wp\/v2\/posts"}],"about":[{"href":"http:\/\/metahair.com.tr\/index.php\/wp-json\/wp\/v2\/types\/post"}],"author":[{"embeddable":true,"href":"http:\/\/metahair.com.tr\/index.php\/wp-json\/wp\/v2\/users\/1"}],"replies":[{"embeddable":true,"href":"http:\/\/metahair.com.tr\/index.php\/wp-json\/wp\/v2\/comments?post=10972"}],"version-history":[{"count":1,"href":"http:\/\/metahair.com.tr\/index.php\/wp-json\/wp\/v2\/posts\/10972\/revisions"}],"predecessor-version":[{"id":10974,"href":"http:\/\/metahair.com.tr\/index.php\/wp-json\/wp\/v2\/posts\/10972\/revisions\/10974"}],"wp:featuredmedia":[{"embeddable":true,"href":"http:\/\/metahair.com.tr\/index.php\/wp-json\/wp\/v2\/media\/10973"}],"wp:attachment":[{"href":"http:\/\/metahair.com.tr\/index.php\/wp-json\/wp\/v2\/media?parent=10972"}],"wp:term":[{"taxonomy":"category","embeddable":true,"href":"http:\/\/metahair.com.tr\/index.php\/wp-json\/wp\/v2\/categories?post=10972"},{"taxonomy":"post_tag","embeddable":true,"href":"http:\/\/metahair.com.tr\/index.php\/wp-json\/wp\/v2\/tags?post=10972"}],"curies":[{"name":"wp","href":"https:\/\/api.w.org\/{rel}","templated":true}]}}