{"id":10969,"date":"2025-07-21T20:39:43","date_gmt":"2025-07-21T20:39:43","guid":{"rendered":"https:\/\/metahair.com.tr\/?p=10969"},"modified":"2025-07-21T20:39:44","modified_gmt":"2025-07-21T20:39:44","slug":"protez-sac-kendi-sacinla-ne-kadar-uyum-saglar","status":"publish","type":"post","link":"http:\/\/metahair.com.tr\/index.php\/2025\/07\/21\/protez-sac-kendi-sacinla-ne-kadar-uyum-saglar\/","title":{"rendered":"Protez Sa\u00e7 Kendi Sa\u00e7\u0131nla Ne Kadar Uyum Sa\u011flar?"},"content":{"rendered":"\n<p>Protez sa\u00e7 tercih edenlerin en \u00e7ok merak etti\u011fi sorulardan biri, <em>\u201cAcaba kendi sa\u00e7\u0131mla do\u011fal bir uyum yakalayabilir miyim?\u201d<\/em> olur. Do\u011fru malzeme se\u00e7imi, profesyonel uygulama ve ki\u015fiye \u00f6zel tasar\u0131m sayesinde, protez sa\u00e7 ile mevcut sa\u00e7\u0131n\u0131z aras\u0131nda neredeyse fark edilmeyecek bir b\u00fct\u00fcnl\u00fck sa\u011flanabilir.<\/p>\n\n\n\n<p><strong>Meta Hair<\/strong>, bu noktada ki\u015fiye \u00f6zel \u00e7\u00f6z\u00fcmler sunarak, sa\u00e7\u0131n\u0131z\u0131n rengi, yo\u011funlu\u011fu ve dokusuna en uygun protezleri haz\u0131rlar. Sa\u00e7 \u00e7izgisi ve sa\u00e7\u0131n y\u00f6n\u00fc, y\u00fcz hatlar\u0131n\u0131za uyum sa\u011flayacak \u015fekilde belirlenir. B\u00f6ylece, \u0131\u015f\u0131kta ya da r\u00fczg\u00e2rda bile do\u011fal ve kusursuz bir g\u00f6r\u00fcn\u00fcm elde edersiniz.<\/p>\n\n\n\n<p>Do\u011fru bak\u0131m ve d\u00fczenli kontroller ile protez sa\u00e7, kendi sa\u00e7\u0131n\u0131zla bir b\u00fct\u00fcn gibi g\u00f6r\u00fcn\u00fcr ve ya\u015fam tarz\u0131n\u0131za rahatl\u0131kla uyum sa\u011flar. Meta Hair\u2019in uzman ekibi, sadece g\u00f6r\u00fcn\u00fcm de\u011fil, ayn\u0131 zamanda \u00f6zg\u00fcven kazanman\u0131z i\u00e7in de size destek olur.<\/p>\n","protected":false},"excerpt":{"rendered":"<p>Protez sa\u00e7 tercih edenlerin en \u00e7ok merak etti\u011fi sorulardan biri, \u201cAcaba kendi sa\u00e7\u0131mla do\u011fal bir uyum yakalayabilir miyim?\u201d olur. Do\u011fru malzeme se\u00e7imi, profesyonel uygulama ve ki\u015fiye \u00f6zel tasar\u0131m sayesinde, protez sa\u00e7 ile mevcut sa\u00e7\u0131n\u0131z aras\u0131nda neredeyse fark edilmeyecek bir b\u00fct\u00fcnl\u00fck sa\u011flanabilir. Meta Hair, bu noktada ki\u015fiye \u00f6zel \u00e7\u00f6z\u00fcmler sunarak, sa\u00e7\u0131n\u0131z\u0131n rengi, yo\u011funlu\u011fu ve dokusuna en [&hellip;]<\/p>\n","protected":false},"author":1,"featured_media":10970,"comment_status":"open","ping_status":"open","sticky":false,"template":"","format":"standard","meta":{"footnotes":""},"categories":[1],"tags":[587,592,131,191,80,56,591],"class_list":["post-10969","post","type-post","status-publish","format-standard","has-post-thumbnail","hentry","category-protez-sac-rehberi","tag-dogal-protez-sac","tag-kisiye-ozel-protez","tag-meta-hair","tag-ozguvenli-gorunum","tag-protez-sac-bakimi","tag-sac-protezi","tag-sac-uyumu"],"_links":{"self":[{"href":"http:\/\/metahair.com.tr\/index.php\/wp-json\/wp\/v2\/posts\/10969","targetHints":{"allow":["GET"]}}],"collection":[{"href":"http:\/\/metahair.com.tr\/index.php\/wp-json\/wp\/v2\/posts"}],"about":[{"href":"http:\/\/metahair.com.tr\/index.php\/wp-json\/wp\/v2\/types\/post"}],"author":[{"embeddable":true,"href":"http:\/\/metahair.com.tr\/index.php\/wp-json\/wp\/v2\/users\/1"}],"replies":[{"embeddable":true,"href":"http:\/\/metahair.com.tr\/index.php\/wp-json\/wp\/v2\/comments?post=10969"}],"version-history":[{"count":1,"href":"http:\/\/metahair.com.tr\/index.php\/wp-json\/wp\/v2\/posts\/10969\/revisions"}],"predecessor-version":[{"id":10971,"href":"http:\/\/metahair.com.tr\/index.php\/wp-json\/wp\/v2\/posts\/10969\/revisions\/10971"}],"wp:featuredmedia":[{"embeddable":true,"href":"http:\/\/metahair.com.tr\/index.php\/wp-json\/wp\/v2\/media\/10970"}],"wp:attachment":[{"href":"http:\/\/metahair.com.tr\/index.php\/wp-json\/wp\/v2\/media?parent=10969"}],"wp:term":[{"taxonomy":"category","embeddable":true,"href":"http:\/\/metahair.com.tr\/index.php\/wp-json\/wp\/v2\/categories?post=10969"},{"taxonomy":"post_tag","embeddable":true,"href":"http:\/\/metahair.com.tr\/index.php\/wp-json\/wp\/v2\/tags?post=10969"}],"curies":[{"name":"wp","href":"https:\/\/api.w.org\/{rel}","templated":true}]}}