{"id":10967,"date":"2025-07-21T20:34:18","date_gmt":"2025-07-21T20:34:18","guid":{"rendered":"https:\/\/metahair.com.tr\/?p=10967"},"modified":"2025-07-21T20:34:18","modified_gmt":"2025-07-21T20:34:18","slug":"protez-sacla-guneslenmek-zararli-mi-gunesten-nasil-korunmali","status":"publish","type":"post","link":"http:\/\/metahair.com.tr\/index.php\/2025\/07\/21\/protez-sacla-guneslenmek-zararli-mi-gunesten-nasil-korunmali\/","title":{"rendered":"Protez Sa\u00e7la G\u00fcne\u015flenmek Zararl\u0131 m\u0131? G\u00fcne\u015ften Nas\u0131l Korunmal\u0131?"},"content":{"rendered":"\n<p>Protez sa\u00e7 kullan\u0131c\u0131lar\u0131n\u0131n merak etti\u011fi sorulardan biri de, <em>\u201cG\u00fcne\u015f sa\u00e7 protezine zarar verir mi?\u201d<\/em> \u00d6zellikle yaz aylar\u0131nda veya tatillerde uzun s\u00fcre g\u00fcne\u015fe maruz kalmak, protez sa\u00e7ta renk solmas\u0131na ya da yap\u0131sal y\u0131pranmalara neden olabilir. Ancak do\u011fru \u00f6nlemlerle, hem do\u011fal g\u00f6r\u00fcn\u00fcm\u00fcn\u00fcz\u00fc hem de protezinizin \u00f6mr\u00fcn\u00fc korumak m\u00fcmk\u00fcnd\u00fcr.<\/p>\n\n\n\n<p><strong>Meta Hair<\/strong>, bu konuda kullan\u0131c\u0131lar\u0131na \u00f6zel bak\u0131m \u00fcr\u00fcnleri ve tavsiyeler sunar. UV koruyucu spreyler, \u015fapka veya bandana kullan\u0131m\u0131, g\u00fcne\u015f sonras\u0131 nemlendirici bak\u0131m uygulamalar\u0131 sayesinde protez sa\u00e7\u0131n\u0131z uzun s\u00fcre ilk g\u00fcnk\u00fc formunu korur. Ayr\u0131ca Meta Hair\u2019in profesyonel bak\u0131m ekibi, d\u00fczenli kontrollerde sa\u00e7\u0131n parlakl\u0131\u011f\u0131n\u0131 ve dayan\u0131kl\u0131l\u0131\u011f\u0131n\u0131 art\u0131ran \u00f6zel i\u015flemler uygular.<\/p>\n\n\n\n<p>G\u00fcne\u015flenirken dikkat edilecek birka\u00e7 ad\u0131mla, protez sa\u00e7 sadece korunmakla kalmaz; do\u011fal g\u00f6r\u00fcn\u00fcm\u00fc ve konforuyla tatilinizi keyifle ya\u015faman\u0131za da yard\u0131mc\u0131 olur.<\/p>\n","protected":false},"excerpt":{"rendered":"<p>Protez sa\u00e7 kullan\u0131c\u0131lar\u0131n\u0131n merak etti\u011fi sorulardan biri de, \u201cG\u00fcne\u015f sa\u00e7 protezine zarar verir mi?\u201d \u00d6zellikle yaz aylar\u0131nda veya tatillerde uzun s\u00fcre g\u00fcne\u015fe maruz kalmak, protez sa\u00e7ta renk solmas\u0131na ya da yap\u0131sal y\u0131pranmalara neden olabilir. Ancak do\u011fru \u00f6nlemlerle, hem do\u011fal g\u00f6r\u00fcn\u00fcm\u00fcn\u00fcz\u00fc hem de protezinizin \u00f6mr\u00fcn\u00fc korumak m\u00fcmk\u00fcnd\u00fcr. Meta Hair, bu konuda kullan\u0131c\u0131lar\u0131na \u00f6zel bak\u0131m \u00fcr\u00fcnleri ve [&hellip;]<\/p>\n","protected":false},"author":1,"featured_media":10778,"comment_status":"open","ping_status":"open","sticky":false,"template":"","format":"standard","meta":{"footnotes":""},"categories":[1],"tags":[587,588,131,80,56,590,589],"class_list":["post-10967","post","type-post","status-publish","format-standard","has-post-thumbnail","hentry","category-protez-sac-rehberi","tag-dogal-protez-sac","tag-gunes-korumasi","tag-meta-hair","tag-protez-sac-bakimi","tag-sac-protezi","tag-uv-koruyucu-sac-bakimi","tag-yazin-protez-sac"],"_links":{"self":[{"href":"http:\/\/metahair.com.tr\/index.php\/wp-json\/wp\/v2\/posts\/10967","targetHints":{"allow":["GET"]}}],"collection":[{"href":"http:\/\/metahair.com.tr\/index.php\/wp-json\/wp\/v2\/posts"}],"about":[{"href":"http:\/\/metahair.com.tr\/index.php\/wp-json\/wp\/v2\/types\/post"}],"author":[{"embeddable":true,"href":"http:\/\/metahair.com.tr\/index.php\/wp-json\/wp\/v2\/users\/1"}],"replies":[{"embeddable":true,"href":"http:\/\/metahair.com.tr\/index.php\/wp-json\/wp\/v2\/comments?post=10967"}],"version-history":[{"count":1,"href":"http:\/\/metahair.com.tr\/index.php\/wp-json\/wp\/v2\/posts\/10967\/revisions"}],"predecessor-version":[{"id":10968,"href":"http:\/\/metahair.com.tr\/index.php\/wp-json\/wp\/v2\/posts\/10967\/revisions\/10968"}],"wp:featuredmedia":[{"embeddable":true,"href":"http:\/\/metahair.com.tr\/index.php\/wp-json\/wp\/v2\/media\/10778"}],"wp:attachment":[{"href":"http:\/\/metahair.com.tr\/index.php\/wp-json\/wp\/v2\/media?parent=10967"}],"wp:term":[{"taxonomy":"category","embeddable":true,"href":"http:\/\/metahair.com.tr\/index.php\/wp-json\/wp\/v2\/categories?post=10967"},{"taxonomy":"post_tag","embeddable":true,"href":"http:\/\/metahair.com.tr\/index.php\/wp-json\/wp\/v2\/tags?post=10967"}],"curies":[{"name":"wp","href":"https:\/\/api.w.org\/{rel}","templated":true}]}}