{"id":10959,"date":"2025-07-19T20:00:25","date_gmt":"2025-07-19T20:00:25","guid":{"rendered":"https:\/\/metahair.com.tr\/?p=10959"},"modified":"2025-07-19T20:04:50","modified_gmt":"2025-07-19T20:04:50","slug":"meta-hair-ile-tasarlanan-protez-saclar-neden-daha-dogal-gorunur","status":"publish","type":"post","link":"http:\/\/metahair.com.tr\/index.php\/2025\/07\/19\/meta-hair-ile-tasarlanan-protez-saclar-neden-daha-dogal-gorunur\/","title":{"rendered":"Meta Hair ile Tasarlanan Protez Sa\u00e7lar Neden Daha Do\u011fal G\u00f6r\u00fcn\u00fcr?"},"content":{"rendered":"\n<p>Sa\u00e7 protezi kullanmay\u0131 d\u00fc\u015f\u00fcnen bir\u00e7ok ki\u015finin akl\u0131ndaki en b\u00fcy\u00fck soru, <em>\u201cDo\u011fal g\u00f6r\u00fcnecek mi?\u201d<\/em> olur. Do\u011fall\u0131\u011f\u0131 yakalamak, yaln\u0131zca kaliteli malzemelerle de\u011fil, ayn\u0131 zamanda do\u011fru tasar\u0131m ve profesyonel uygulama s\u00fcreciyle m\u00fcmk\u00fcnd\u00fcr. \u0130\u015fte tam da bu noktada <strong>Meta Hair<\/strong>, fark yaratan bir yakla\u015f\u0131m sunar.<\/p>\n\n\n\n<p>Meta Hair\u2019de her protez sa\u00e7, <strong>ki\u015fiye \u00f6zel<\/strong> olarak tasarlan\u0131r. Sa\u00e7 rengi, kal\u0131nl\u0131\u011f\u0131, sa\u00e7 \u00e7izgisi ve yo\u011funlu\u011fu, ki\u015finin y\u00fcz hatlar\u0131na ve cilt tonuna uygun \u015fekilde belirlenir. Kullan\u0131lan taban sistemleri ince ve nefes alabilir yap\u0131dad\u0131r, bu da hem g\u00f6r\u00fcn\u00fcmde hem de kullan\u0131mda maksimum konfor sa\u011flar. Do\u011fru kesim teknikleri ve \u015fekillendirmelerle, protez sa\u00e7 ger\u00e7ek sa\u00e7tan ay\u0131rt edilemeyecek kadar do\u011fal bir g\u00f6r\u00fcn\u00fcme kavu\u015fur.<\/p>\n\n\n\n<p>Ayr\u0131ca Meta Hair\u2019in profesyonel ekibi, sadece uygulama de\u011fil, <strong>bak\u0131m ve uzun vadeli do\u011fal g\u00f6r\u00fcn\u00fcm<\/strong> konusunda da destek sunar. B\u00f6ylece protez sa\u00e7, ilk g\u00fcnk\u00fc estetik g\u00f6r\u00fcn\u00fcm\u00fcn\u00fc uzun s\u00fcre korur.<\/p>\n\n\n\n<p>Do\u011fal g\u00f6r\u00fcn\u00fcm, yaln\u0131zca sa\u00e7 de\u011fil, ayn\u0131 zamanda <strong>\u00f6zg\u00fcvenin de geri kazan\u0131lmas\u0131<\/strong> demektir. Meta Hair ile, aynaya bakt\u0131\u011f\u0131n\u0131zda ger\u00e7ekten \u201ckendinizi\u201d g\u00f6r\u00fcrs\u00fcn\u00fcz.<\/p>\n","protected":false},"excerpt":{"rendered":"<p>Sa\u00e7 protezi kullanmay\u0131 d\u00fc\u015f\u00fcnen bir\u00e7ok ki\u015finin akl\u0131ndaki en b\u00fcy\u00fck soru, \u201cDo\u011fal g\u00f6r\u00fcnecek mi?\u201d olur. Do\u011fall\u0131\u011f\u0131 yakalamak, yaln\u0131zca kaliteli malzemelerle de\u011fil, ayn\u0131 zamanda do\u011fru tasar\u0131m ve profesyonel uygulama s\u00fcreciyle m\u00fcmk\u00fcnd\u00fcr. \u0130\u015fte tam da bu noktada Meta Hair, fark yaratan bir yakla\u015f\u0131m sunar. Meta Hair\u2019de her protez sa\u00e7, ki\u015fiye \u00f6zel olarak tasarlan\u0131r. Sa\u00e7 rengi, kal\u0131nl\u0131\u011f\u0131, sa\u00e7 \u00e7izgisi [&hellip;]<\/p>\n","protected":false},"author":1,"featured_media":10966,"comment_status":"open","ping_status":"open","sticky":false,"template":"","format":"standard","meta":{"footnotes":""},"categories":[1],"tags":[75,587,65,131,136,565,260],"class_list":["post-10959","post","type-post","status-publish","format-standard","has-post-thumbnail","hentry","category-protez-sac-rehberi","tag-dogal-gorunum","tag-dogal-protez-sac","tag-kisiye-ozel-sac","tag-meta-hair","tag-ozguven","tag-protez-sac-tasarimi","tag-sac-dokulmesine-cozum"],"_links":{"self":[{"href":"http:\/\/metahair.com.tr\/index.php\/wp-json\/wp\/v2\/posts\/10959","targetHints":{"allow":["GET"]}}],"collection":[{"href":"http:\/\/metahair.com.tr\/index.php\/wp-json\/wp\/v2\/posts"}],"about":[{"href":"http:\/\/metahair.com.tr\/index.php\/wp-json\/wp\/v2\/types\/post"}],"author":[{"embeddable":true,"href":"http:\/\/metahair.com.tr\/index.php\/wp-json\/wp\/v2\/users\/1"}],"replies":[{"embeddable":true,"href":"http:\/\/metahair.com.tr\/index.php\/wp-json\/wp\/v2\/comments?post=10959"}],"version-history":[{"count":1,"href":"http:\/\/metahair.com.tr\/index.php\/wp-json\/wp\/v2\/posts\/10959\/revisions"}],"predecessor-version":[{"id":10962,"href":"http:\/\/metahair.com.tr\/index.php\/wp-json\/wp\/v2\/posts\/10959\/revisions\/10962"}],"wp:featuredmedia":[{"embeddable":true,"href":"http:\/\/metahair.com.tr\/index.php\/wp-json\/wp\/v2\/media\/10966"}],"wp:attachment":[{"href":"http:\/\/metahair.com.tr\/index.php\/wp-json\/wp\/v2\/media?parent=10959"}],"wp:term":[{"taxonomy":"category","embeddable":true,"href":"http:\/\/metahair.com.tr\/index.php\/wp-json\/wp\/v2\/categories?post=10959"},{"taxonomy":"post_tag","embeddable":true,"href":"http:\/\/metahair.com.tr\/index.php\/wp-json\/wp\/v2\/tags?post=10959"}],"curies":[{"name":"wp","href":"https:\/\/api.w.org\/{rel}","templated":true}]}}