{"id":10953,"date":"2025-07-19T19:42:57","date_gmt":"2025-07-19T19:42:57","guid":{"rendered":"https:\/\/metahair.com.tr\/?p=10953"},"modified":"2025-07-19T19:44:50","modified_gmt":"2025-07-19T19:44:50","slug":"sac-proteziyle-ayni-gun-icinde-yeni-bir-gorunume-kavusabilir-misiniz","status":"publish","type":"post","link":"http:\/\/metahair.com.tr\/index.php\/2025\/07\/19\/sac-proteziyle-ayni-gun-icinde-yeni-bir-gorunume-kavusabilir-misiniz\/","title":{"rendered":"Sa\u00e7 Proteziyle Ayn\u0131 G\u00fcn \u0130\u00e7inde Yeni Bir G\u00f6r\u00fcn\u00fcme Kavu\u015fabilir misiniz?"},"content":{"rendered":"\n<p>Cevap: <strong>Evet, hem de d\u00fc\u015f\u00fcnd\u00fc\u011f\u00fcn\u00fczden \u00e7ok daha h\u0131zl\u0131!<\/strong> Sa\u00e7 protezi uygulamalar\u0131, cerrahi bir i\u015flem ya da iyile\u015fme s\u00fcresi gerektirmedi\u011fi i\u00e7in, ayn\u0131 g\u00fcn i\u00e7erisinde yepyeni bir g\u00f6r\u00fcn\u00fcme kavu\u015fman\u0131z\u0131 sa\u011flar. \u0130ster \u00f6zel bir davet, ister i\u015f g\u00f6r\u00fc\u015fmesi ya da hayat\u0131n\u0131zda yeni bir sayfa a\u00e7mak i\u00e7in olsun, sa\u00e7 proteziyle de\u011fi\u015fim art\u0131k ertelenmeyen bir ad\u0131m.<\/p>\n\n\n\n<p>\u00d6zellikle <strong>Meta Hair<\/strong>\u2019de, ki\u015fiye \u00f6zel \u00f6l\u00e7\u00fc al\u0131m\u0131, sa\u00e7 rengi ve yo\u011funlu\u011fu se\u00e7imi ile uygulama s\u00fcreci olduk\u00e7a pratik ilerler. Uyumlu kesim ve do\u011fal tasar\u0131mlar sayesinde, uygulama tamamland\u0131\u011f\u0131 anda sa\u00e7lar\u0131n\u0131z haz\u0131r hale gelir ve g\u00fcnl\u00fck hayat\u0131n\u0131za kald\u0131\u011f\u0131n\u0131z yerden devam edebilirsiniz.<\/p>\n\n\n\n<p>Sa\u00e7 protezi sayesinde:<\/p>\n\n\n\n<ul class=\"wp-block-list\">\n<li>Bekleme ya da iyile\u015fme s\u00fcresi olmadan an\u0131nda \u00f6zg\u00fcven kazan\u0131rs\u0131n\u0131z.<\/li>\n\n\n\n<li>Do\u011fal g\u00f6r\u00fcn\u00fcm\u00fcyle kimse fark etmeden yeni tarz\u0131n\u0131za adapte olursunuz.<\/li>\n\n\n\n<li>Ayn\u0131 g\u00fcn i\u00e7inde sadece sa\u00e7lar\u0131n\u0131z de\u011fil, <strong>kendinize olan bak\u0131\u015f\u0131n\u0131z da de\u011fi\u015fir.<\/strong><\/li>\n<\/ul>\n\n\n\n<p>E\u011fer h\u0131zl\u0131 bir d\u00f6n\u00fc\u015f\u00fcm ve do\u011fal bir g\u00f6r\u00fcn\u00fcm istiyorsan\u0131z, sa\u00e7 protezi ile ayn\u0131 g\u00fcn yeni bir ba\u015flang\u0131\u00e7 yapmak m\u00fcmk\u00fcn.<\/p>\n","protected":false},"excerpt":{"rendered":"<p>Cevap: Evet, hem de d\u00fc\u015f\u00fcnd\u00fc\u011f\u00fcn\u00fczden \u00e7ok daha h\u0131zl\u0131! Sa\u00e7 protezi uygulamalar\u0131, cerrahi bir i\u015flem ya da iyile\u015fme s\u00fcresi gerektirmedi\u011fi i\u00e7in, ayn\u0131 g\u00fcn i\u00e7erisinde yepyeni bir g\u00f6r\u00fcn\u00fcme kavu\u015fman\u0131z\u0131 sa\u011flar. \u0130ster \u00f6zel bir davet, ister i\u015f g\u00f6r\u00fc\u015fmesi ya da hayat\u0131n\u0131zda yeni bir sayfa a\u00e7mak i\u00e7in olsun, sa\u00e7 proteziyle de\u011fi\u015fim art\u0131k ertelenmeyen bir ad\u0131m. \u00d6zellikle Meta Hair\u2019de, ki\u015fiye [&hellip;]<\/p>\n","protected":false},"author":1,"featured_media":10957,"comment_status":"open","ping_status":"open","sticky":false,"template":"","format":"standard","meta":{"footnotes":""},"categories":[55],"tags":[75,586,65,131,136,56,365],"class_list":["post-10953","post","type-post","status-publish","format-standard","has-post-thumbnail","hentry","category-meta-hairden-haberler","tag-dogal-gorunum","tag-hizli-degisim","tag-kisiye-ozel-sac","tag-meta-hair","tag-ozguven","tag-sac-protezi","tag-sac-tasarimi"],"_links":{"self":[{"href":"http:\/\/metahair.com.tr\/index.php\/wp-json\/wp\/v2\/posts\/10953","targetHints":{"allow":["GET"]}}],"collection":[{"href":"http:\/\/metahair.com.tr\/index.php\/wp-json\/wp\/v2\/posts"}],"about":[{"href":"http:\/\/metahair.com.tr\/index.php\/wp-json\/wp\/v2\/types\/post"}],"author":[{"embeddable":true,"href":"http:\/\/metahair.com.tr\/index.php\/wp-json\/wp\/v2\/users\/1"}],"replies":[{"embeddable":true,"href":"http:\/\/metahair.com.tr\/index.php\/wp-json\/wp\/v2\/comments?post=10953"}],"version-history":[{"count":1,"href":"http:\/\/metahair.com.tr\/index.php\/wp-json\/wp\/v2\/posts\/10953\/revisions"}],"predecessor-version":[{"id":10955,"href":"http:\/\/metahair.com.tr\/index.php\/wp-json\/wp\/v2\/posts\/10953\/revisions\/10955"}],"wp:featuredmedia":[{"embeddable":true,"href":"http:\/\/metahair.com.tr\/index.php\/wp-json\/wp\/v2\/media\/10957"}],"wp:attachment":[{"href":"http:\/\/metahair.com.tr\/index.php\/wp-json\/wp\/v2\/media?parent=10953"}],"wp:term":[{"taxonomy":"category","embeddable":true,"href":"http:\/\/metahair.com.tr\/index.php\/wp-json\/wp\/v2\/categories?post=10953"},{"taxonomy":"post_tag","embeddable":true,"href":"http:\/\/metahair.com.tr\/index.php\/wp-json\/wp\/v2\/tags?post=10953"}],"curies":[{"name":"wp","href":"https:\/\/api.w.org\/{rel}","templated":true}]}}