{"id":10947,"date":"2025-07-18T14:21:35","date_gmt":"2025-07-18T14:21:35","guid":{"rendered":"https:\/\/metahair.com.tr\/?p=10947"},"modified":"2025-07-18T14:21:36","modified_gmt":"2025-07-18T14:21:36","slug":"protez-sacla-ilk-gunden-dogal-bir-gorunum-mumkun-mu","status":"publish","type":"post","link":"http:\/\/metahair.com.tr\/index.php\/2025\/07\/18\/protez-sacla-ilk-gunden-dogal-bir-gorunum-mumkun-mu\/","title":{"rendered":"\u201cProtez Sa\u00e7la \u0130lk G\u00fcnden Do\u011fal Bir G\u00f6r\u00fcn\u00fcm M\u00fcmk\u00fcn m\u00fc?"},"content":{"rendered":"\n<p>Yeni bir g\u00f6r\u00fcn\u00fcme ad\u0131m atarken akla gelen ilk soru genellikle \u015fudur: <em>\u201cAcaba do\u011fal duracak m\u0131?\u201d<\/em> Sa\u00e7 protezi, do\u011fru uygulama ve kaliteli malzeme ile ilk g\u00fcnden itibaren sizi aynada bamba\u015fka bir \u015fekilde g\u00f6rmenizi sa\u011flar. Ancak bunun s\u0131rr\u0131, do\u011fru merkez ve profesyonel bir ekip ile \u00e7al\u0131\u015fmaktan ge\u00e7er.<\/p>\n\n\n\n<p>\u0130\u015fte tam da burada <strong>Meta Hair<\/strong>, ki\u015fiye \u00f6zel tasar\u0131m ve profesyonel uygulamalar\u0131yla fark yarat\u0131r. Her m\u00fc\u015fterinin sa\u00e7 rengi, yo\u011funlu\u011fu, sa\u00e7 \u00e7izgisi ve ya\u015fam tarz\u0131 analiz edilerek haz\u0131rlanan protez sa\u00e7lar, ger\u00e7ek sa\u00e7la neredeyse ay\u0131rt edilemeyecek kadar do\u011fal bir g\u00f6r\u00fcn\u00fcme kavu\u015fman\u0131z\u0131 sa\u011flar.<\/p>\n\n\n\n<p>Meta Hair ile:<\/p>\n\n\n\n<ul class=\"wp-block-list\">\n<li>\u0130lk g\u00fcn\u00fcn\u00fczden itibaren yeni g\u00f6r\u00fcn\u00fcm\u00fcn\u00fcze kolayca al\u0131\u015f\u0131r,<\/li>\n\n\n\n<li>Sosyal hayat\u0131n\u0131zda ve i\u015f ortam\u0131nda kimseye bir \u015fey a\u00e7\u0131klama ihtiyac\u0131 duymadan \u00f6zg\u00fcrce hareket eder,<\/li>\n\n\n\n<li>Aynaya her bakt\u0131\u011f\u0131n\u0131zda kaybetti\u011finizi d\u00fc\u015f\u00fcnd\u00fc\u011f\u00fcn\u00fcz \u00f6zg\u00fcveni geri kazan\u0131rs\u0131n\u0131z.<\/li>\n<\/ul>\n\n\n\n<p>Do\u011fru protez sa\u00e7 ile, yaln\u0131zca sa\u00e7 de\u011fil, hisler de de\u011fi\u015fir. Siz de <strong>ilk g\u00fcnden do\u011fal, rahat ve \u00f6zg\u00fcven dolu hissetmeye<\/strong> haz\u0131r m\u0131s\u0131n\u0131z?<\/p>\n","protected":false},"excerpt":{"rendered":"<p>Yeni bir g\u00f6r\u00fcn\u00fcme ad\u0131m atarken akla gelen ilk soru genellikle \u015fudur: \u201cAcaba do\u011fal duracak m\u0131?\u201d Sa\u00e7 protezi, do\u011fru uygulama ve kaliteli malzeme ile ilk g\u00fcnden itibaren sizi aynada bamba\u015fka bir \u015fekilde g\u00f6rmenizi sa\u011flar. Ancak bunun s\u0131rr\u0131, do\u011fru merkez ve profesyonel bir ekip ile \u00e7al\u0131\u015fmaktan ge\u00e7er. \u0130\u015fte tam da burada Meta Hair, ki\u015fiye \u00f6zel tasar\u0131m ve [&hellip;]<\/p>\n","protected":false},"author":1,"featured_media":10948,"comment_status":"open","ping_status":"open","sticky":false,"template":"","format":"standard","meta":{"footnotes":""},"categories":[1],"tags":[75,65,131,136,72,260,474],"class_list":["post-10947","post","type-post","status-publish","format-standard","has-post-thumbnail","hentry","category-protez-sac-rehberi","tag-dogal-gorunum","tag-kisiye-ozel-sac","tag-meta-hair","tag-ozguven","tag-protez-sac","tag-sac-dokulmesine-cozum","tag-sac-protezi-bakim"],"_links":{"self":[{"href":"http:\/\/metahair.com.tr\/index.php\/wp-json\/wp\/v2\/posts\/10947","targetHints":{"allow":["GET"]}}],"collection":[{"href":"http:\/\/metahair.com.tr\/index.php\/wp-json\/wp\/v2\/posts"}],"about":[{"href":"http:\/\/metahair.com.tr\/index.php\/wp-json\/wp\/v2\/types\/post"}],"author":[{"embeddable":true,"href":"http:\/\/metahair.com.tr\/index.php\/wp-json\/wp\/v2\/users\/1"}],"replies":[{"embeddable":true,"href":"http:\/\/metahair.com.tr\/index.php\/wp-json\/wp\/v2\/comments?post=10947"}],"version-history":[{"count":1,"href":"http:\/\/metahair.com.tr\/index.php\/wp-json\/wp\/v2\/posts\/10947\/revisions"}],"predecessor-version":[{"id":10949,"href":"http:\/\/metahair.com.tr\/index.php\/wp-json\/wp\/v2\/posts\/10947\/revisions\/10949"}],"wp:featuredmedia":[{"embeddable":true,"href":"http:\/\/metahair.com.tr\/index.php\/wp-json\/wp\/v2\/media\/10948"}],"wp:attachment":[{"href":"http:\/\/metahair.com.tr\/index.php\/wp-json\/wp\/v2\/media?parent=10947"}],"wp:term":[{"taxonomy":"category","embeddable":true,"href":"http:\/\/metahair.com.tr\/index.php\/wp-json\/wp\/v2\/categories?post=10947"},{"taxonomy":"post_tag","embeddable":true,"href":"http:\/\/metahair.com.tr\/index.php\/wp-json\/wp\/v2\/tags?post=10947"}],"curies":[{"name":"wp","href":"https:\/\/api.w.org\/{rel}","templated":true}]}}